{"id":904,"date":"2018-05-21T11:06:22","date_gmt":"2018-05-21T09:06:22","guid":{"rendered":"http:\/\/festivalnazelenelouce.cz\/?p=904"},"modified":"2018-05-21T11:06:50","modified_gmt":"2018-05-21T09:06:50","slug":"jan-kalousek-vystoupi-v-19-hod","status":"publish","type":"post","link":"https:\/\/festivalnazelenelouce.cz\/?p=904","title":{"rendered":"Jan Kalousek vystoup\u00ed v podve\u010der Festivalu na zelen\u00e9 louce"},"content":{"rendered":"<p>Je n\u00e1m velkou ct\u00ed, \u017ee se na na\u0161em Festivalu objev\u00ed osobn\u011b skladatel, kytarista a skv\u011bl\u00fd zp\u011bv\u00e1k Jan Kalousek.<\/p>\n<p><img loading=\"lazy\" decoding=\"async\" class=\"alignnone size-medium wp-image-905\" src=\"http:\/\/festivalnazelenelouce.cz\/wp-content\/uploads\/2018\/05\/foto-480x313.jpg\" alt=\"\" width=\"480\" height=\"313\" srcset=\"https:\/\/festivalnazelenelouce.cz\/wp-content\/uploads\/2018\/05\/foto-480x313.jpg 480w, https:\/\/festivalnazelenelouce.cz\/wp-content\/uploads\/2018\/05\/foto-300x195.jpg 300w, https:\/\/festivalnazelenelouce.cz\/wp-content\/uploads\/2018\/05\/foto-768x500.jpg 768w, https:\/\/festivalnazelenelouce.cz\/wp-content\/uploads\/2018\/05\/foto.jpg 795w\" sizes=\"auto, (max-width: 480px) 100vw, 480px\" \/><\/p>\n<p>&nbsp;<\/p>\n","protected":false},"excerpt":{"rendered":"<p>Je n\u00e1m velkou ct\u00ed, \u017ee se na na\u0161em Festivalu objev\u00ed osobn\u011b skladatel, kytarista a skv\u011bl\u00fd zp\u011bv\u00e1k Jan Kalousek. &nbsp;<\/p>\n","protected":false},"author":2,"featured_media":0,"comment_status":"closed","ping_status":"closed","sticky":false,"template":"","format":"standard","meta":{"footnotes":""},"categories":[2],"tags":[],"class_list":["post-904","post","type-post","status-publish","format-standard","hentry","category-festivalove-novinky"],"_links":{"self":[{"href":"https:\/\/festivalnazelenelouce.cz\/index.php?rest_route=\/wp\/v2\/posts\/904","targetHints":{"allow":["GET"]}}],"collection":[{"href":"https:\/\/festivalnazelenelouce.cz\/index.php?rest_route=\/wp\/v2\/posts"}],"about":[{"href":"https:\/\/festivalnazelenelouce.cz\/index.php?rest_route=\/wp\/v2\/types\/post"}],"author":[{"embeddable":true,"href":"https:\/\/festivalnazelenelouce.cz\/index.php?rest_route=\/wp\/v2\/users\/2"}],"replies":[{"embeddable":true,"href":"https:\/\/festivalnazelenelouce.cz\/index.php?rest_route=%2Fwp%2Fv2%2Fcomments&post=904"}],"version-history":[{"count":2,"href":"https:\/\/festivalnazelenelouce.cz\/index.php?rest_route=\/wp\/v2\/posts\/904\/revisions"}],"predecessor-version":[{"id":907,"href":"https:\/\/festivalnazelenelouce.cz\/index.php?rest_route=\/wp\/v2\/posts\/904\/revisions\/907"}],"wp:attachment":[{"href":"https:\/\/festivalnazelenelouce.cz\/index.php?rest_route=%2Fwp%2Fv2%2Fmedia&parent=904"}],"wp:term":[{"taxonomy":"category","embeddable":true,"href":"https:\/\/festivalnazelenelouce.cz\/index.php?rest_route=%2Fwp%2Fv2%2Fcategories&post=904"},{"taxonomy":"post_tag","embeddable":true,"href":"https:\/\/festivalnazelenelouce.cz\/index.php?rest_route=%2Fwp%2Fv2%2Ftags&post=904"}],"curies":[{"name":"wp","href":"https:\/\/api.w.org\/{rel}","templated":true}]}}