{"id":401,"date":"2018-05-03T16:59:01","date_gmt":"2018-05-03T14:59:01","guid":{"rendered":"http:\/\/festivalnazelenelouce.cz\/?p=401"},"modified":"2018-05-03T16:59:01","modified_gmt":"2018-05-03T14:59:01","slug":"o-krasne-pocasi-jsme-radeji-opet-pozadali","status":"publish","type":"post","link":"https:\/\/festivalnazelenelouce.cz\/?p=401","title":{"rendered":"O kr\u00e1sn\u00e9 po\u010das\u00ed jsme rad\u011bji op\u011bt po\u017e\u00e1dali"},"content":{"rendered":"<p>Tak snad se bude naho\u0159e na\u0161e \u017e\u00e1dost l\u00edbit. Doporu\u010duji si na\u0161e &#8222;veled\u00edlo&#8220; p\u0159e\u010d\u00edst na fotografii. Klikn\u011bte na prvn\u00ed fotografii.<\/p>\n<p><a href=\"http:\/\/festivalnazelenelouce.cz\/wp-content\/uploads\/2018\/05\/IMG_20180501_174508.jpg\"><img loading=\"lazy\" decoding=\"async\" class=\"size-medium wp-image-408\" src=\"http:\/\/festivalnazelenelouce.cz\/wp-content\/uploads\/2018\/05\/IMG_20180501_174508-300x169.jpg\" alt=\"\" width=\"300\" height=\"169\" srcset=\"https:\/\/festivalnazelenelouce.cz\/wp-content\/uploads\/2018\/05\/IMG_20180501_174508-300x169.jpg 300w, https:\/\/festivalnazelenelouce.cz\/wp-content\/uploads\/2018\/05\/IMG_20180501_174508-480x270.jpg 480w, https:\/\/festivalnazelenelouce.cz\/wp-content\/uploads\/2018\/05\/IMG_20180501_174508-768x432.jpg 768w, https:\/\/festivalnazelenelouce.cz\/wp-content\/uploads\/2018\/05\/IMG_20180501_174508-1024x576.jpg 1024w, https:\/\/festivalnazelenelouce.cz\/wp-content\/uploads\/2018\/05\/IMG_20180501_174508.jpg 1200w\" sizes=\"auto, (max-width: 300px) 100vw, 300px\" \/><\/a><\/p>\n<p><a href=\"http:\/\/festivalnazelenelouce.cz\/wp-content\/uploads\/2018\/05\/IMG_20180501_174834.jpg\"><img loading=\"lazy\" decoding=\"async\" class=\"size-medium wp-image-407\" src=\"http:\/\/festivalnazelenelouce.cz\/wp-content\/uploads\/2018\/05\/IMG_20180501_174834-300x169.jpg\" alt=\"\" width=\"300\" height=\"169\" srcset=\"https:\/\/festivalnazelenelouce.cz\/wp-content\/uploads\/2018\/05\/IMG_20180501_174834-300x169.jpg 300w, https:\/\/festivalnazelenelouce.cz\/wp-content\/uploads\/2018\/05\/IMG_20180501_174834-480x270.jpg 480w, https:\/\/festivalnazelenelouce.cz\/wp-content\/uploads\/2018\/05\/IMG_20180501_174834-768x432.jpg 768w, https:\/\/festivalnazelenelouce.cz\/wp-content\/uploads\/2018\/05\/IMG_20180501_174834-1024x576.jpg 1024w, https:\/\/festivalnazelenelouce.cz\/wp-content\/uploads\/2018\/05\/IMG_20180501_174834.jpg 1200w\" sizes=\"auto, (max-width: 300px) 100vw, 300px\" \/><\/a><\/p>\n<p><a href=\"http:\/\/festivalnazelenelouce.cz\/wp-content\/uploads\/2018\/05\/IMG_20180501_175005.jpg\"><img loading=\"lazy\" decoding=\"async\" class=\"size-medium wp-image-406\" src=\"http:\/\/festivalnazelenelouce.cz\/wp-content\/uploads\/2018\/05\/IMG_20180501_175005-300x169.jpg\" alt=\"\" width=\"300\" height=\"169\" srcset=\"https:\/\/festivalnazelenelouce.cz\/wp-content\/uploads\/2018\/05\/IMG_20180501_175005-300x169.jpg 300w, https:\/\/festivalnazelenelouce.cz\/wp-content\/uploads\/2018\/05\/IMG_20180501_175005-480x270.jpg 480w, https:\/\/festivalnazelenelouce.cz\/wp-content\/uploads\/2018\/05\/IMG_20180501_175005-768x432.jpg 768w, https:\/\/festivalnazelenelouce.cz\/wp-content\/uploads\/2018\/05\/IMG_20180501_175005-1024x576.jpg 1024w, https:\/\/festivalnazelenelouce.cz\/wp-content\/uploads\/2018\/05\/IMG_20180501_175005.jpg 1200w\" sizes=\"auto, (max-width: 300px) 100vw, 300px\" \/><\/a><\/p>\n<p><a href=\"http:\/\/festivalnazelenelouce.cz\/wp-content\/uploads\/2018\/05\/IMG_20180501_175140.jpg\"><img loading=\"lazy\" decoding=\"async\" class=\"size-medium wp-image-405\" src=\"http:\/\/festivalnazelenelouce.cz\/wp-content\/uploads\/2018\/05\/IMG_20180501_175140-300x169.jpg\" alt=\"\" width=\"300\" height=\"169\" srcset=\"https:\/\/festivalnazelenelouce.cz\/wp-content\/uploads\/2018\/05\/IMG_20180501_175140-300x169.jpg 300w, https:\/\/festivalnazelenelouce.cz\/wp-content\/uploads\/2018\/05\/IMG_20180501_175140-480x270.jpg 480w, https:\/\/festivalnazelenelouce.cz\/wp-content\/uploads\/2018\/05\/IMG_20180501_175140-768x432.jpg 768w, https:\/\/festivalnazelenelouce.cz\/wp-content\/uploads\/2018\/05\/IMG_20180501_175140-1024x576.jpg 1024w, https:\/\/festivalnazelenelouce.cz\/wp-content\/uploads\/2018\/05\/IMG_20180501_175140.jpg 1200w\" sizes=\"auto, (max-width: 300px) 100vw, 300px\" \/><\/a><\/p>\n<p><a href=\"http:\/\/festivalnazelenelouce.cz\/wp-content\/uploads\/2018\/05\/IMG_20180501_175213.jpg\"><img loading=\"lazy\" decoding=\"async\" class=\"size-medium wp-image-404\" src=\"http:\/\/festivalnazelenelouce.cz\/wp-content\/uploads\/2018\/05\/IMG_20180501_175213-300x169.jpg\" alt=\"\" width=\"300\" height=\"169\" srcset=\"https:\/\/festivalnazelenelouce.cz\/wp-content\/uploads\/2018\/05\/IMG_20180501_175213-300x169.jpg 300w, https:\/\/festivalnazelenelouce.cz\/wp-content\/uploads\/2018\/05\/IMG_20180501_175213-480x270.jpg 480w, https:\/\/festivalnazelenelouce.cz\/wp-content\/uploads\/2018\/05\/IMG_20180501_175213-768x432.jpg 768w, https:\/\/festivalnazelenelouce.cz\/wp-content\/uploads\/2018\/05\/IMG_20180501_175213-1024x576.jpg 1024w, https:\/\/festivalnazelenelouce.cz\/wp-content\/uploads\/2018\/05\/IMG_20180501_175213.jpg 1200w\" sizes=\"auto, (max-width: 300px) 100vw, 300px\" \/><\/a><\/p>\n<p><a href=\"http:\/\/festivalnazelenelouce.cz\/wp-content\/uploads\/2018\/05\/IMG_20180501_175221.jpg\"><img loading=\"lazy\" decoding=\"async\" class=\"size-medium wp-image-403\" src=\"http:\/\/festivalnazelenelouce.cz\/wp-content\/uploads\/2018\/05\/IMG_20180501_175221-300x169.jpg\" alt=\"\" width=\"300\" height=\"169\" srcset=\"https:\/\/festivalnazelenelouce.cz\/wp-content\/uploads\/2018\/05\/IMG_20180501_175221-300x169.jpg 300w, https:\/\/festivalnazelenelouce.cz\/wp-content\/uploads\/2018\/05\/IMG_20180501_175221-480x270.jpg 480w, https:\/\/festivalnazelenelouce.cz\/wp-content\/uploads\/2018\/05\/IMG_20180501_175221-768x432.jpg 768w, https:\/\/festivalnazelenelouce.cz\/wp-content\/uploads\/2018\/05\/IMG_20180501_175221-1024x576.jpg 1024w, https:\/\/festivalnazelenelouce.cz\/wp-content\/uploads\/2018\/05\/IMG_20180501_175221.jpg 1200w\" sizes=\"auto, (max-width: 300px) 100vw, 300px\" \/><\/a><\/p>\n<p><a href=\"http:\/\/festivalnazelenelouce.cz\/wp-content\/uploads\/2018\/05\/IMG_20180501_175233.jpg\"><img loading=\"lazy\" decoding=\"async\" class=\"size-medium wp-image-402\" src=\"http:\/\/festivalnazelenelouce.cz\/wp-content\/uploads\/2018\/05\/IMG_20180501_175233-300x169.jpg\" alt=\"\" width=\"300\" height=\"169\" srcset=\"https:\/\/festivalnazelenelouce.cz\/wp-content\/uploads\/2018\/05\/IMG_20180501_175233-300x169.jpg 300w, https:\/\/festivalnazelenelouce.cz\/wp-content\/uploads\/2018\/05\/IMG_20180501_175233-480x270.jpg 480w, https:\/\/festivalnazelenelouce.cz\/wp-content\/uploads\/2018\/05\/IMG_20180501_175233-768x432.jpg 768w, https:\/\/festivalnazelenelouce.cz\/wp-content\/uploads\/2018\/05\/IMG_20180501_175233-1024x576.jpg 1024w, https:\/\/festivalnazelenelouce.cz\/wp-content\/uploads\/2018\/05\/IMG_20180501_175233.jpg 1200w\" sizes=\"auto, (max-width: 300px) 100vw, 300px\" \/><\/a><\/p>\n","protected":false},"excerpt":{"rendered":"<p>Tak snad se bude naho\u0159e na\u0161e \u017e\u00e1dost l\u00edbit. Doporu\u010duji si na\u0161e &#8222;veled\u00edlo&#8220; p\u0159e\u010d\u00edst na fotografii. Klikn\u011bte na prvn\u00ed fotografii.<\/p>\n","protected":false},"author":2,"featured_media":0,"comment_status":"closed","ping_status":"closed","sticky":false,"template":"","format":"standard","meta":{"footnotes":""},"categories":[2],"tags":[],"class_list":["post-401","post","type-post","status-publish","format-standard","hentry","category-festivalove-novinky"],"_links":{"self":[{"href":"https:\/\/festivalnazelenelouce.cz\/index.php?rest_route=\/wp\/v2\/posts\/401","targetHints":{"allow":["GET"]}}],"collection":[{"href":"https:\/\/festivalnazelenelouce.cz\/index.php?rest_route=\/wp\/v2\/posts"}],"about":[{"href":"https:\/\/festivalnazelenelouce.cz\/index.php?rest_route=\/wp\/v2\/types\/post"}],"author":[{"embeddable":true,"href":"https:\/\/festivalnazelenelouce.cz\/index.php?rest_route=\/wp\/v2\/users\/2"}],"replies":[{"embeddable":true,"href":"https:\/\/festivalnazelenelouce.cz\/index.php?rest_route=%2Fwp%2Fv2%2Fcomments&post=401"}],"version-history":[{"count":3,"href":"https:\/\/festivalnazelenelouce.cz\/index.php?rest_route=\/wp\/v2\/posts\/401\/revisions"}],"predecessor-version":[{"id":411,"href":"https:\/\/festivalnazelenelouce.cz\/index.php?rest_route=\/wp\/v2\/posts\/401\/revisions\/411"}],"wp:attachment":[{"href":"https:\/\/festivalnazelenelouce.cz\/index.php?rest_route=%2Fwp%2Fv2%2Fmedia&parent=401"}],"wp:term":[{"taxonomy":"category","embeddable":true,"href":"https:\/\/festivalnazelenelouce.cz\/index.php?rest_route=%2Fwp%2Fv2%2Fcategories&post=401"},{"taxonomy":"post_tag","embeddable":true,"href":"https:\/\/festivalnazelenelouce.cz\/index.php?rest_route=%2Fwp%2Fv2%2Ftags&post=401"}],"curies":[{"name":"wp","href":"https:\/\/api.w.org\/{rel}","templated":true}]}}