{"id":397,"date":"2018-05-03T16:45:10","date_gmt":"2018-05-03T14:45:10","guid":{"rendered":"http:\/\/festivalnazelenelouce.cz\/?p=397"},"modified":"2018-05-03T16:48:48","modified_gmt":"2018-05-03T14:48:48","slug":"10-000-letaku-jde-zitra-do-vyroby","status":"publish","type":"post","link":"https:\/\/festivalnazelenelouce.cz\/?p=397","title":{"rendered":"10 000 let\u00e1k\u016f jde z\u00edtra do v\u00fdroby"},"content":{"rendered":"<p>Jestli jste i z hodn\u011b \u0161irok\u00e9ho okol\u00ed Senet\u00edna, tak se t\u011b\u0161te, \u017ee v\u00e1m brzy jeden z velk\u00e9 d\u00e1vky zvac\u00edch let\u00e1k\u016f p\u0159istane v po\u0161tovn\u00ed schr\u00e1nce. D\u011bkujeme moc spole\u010dnosti STUDIO PRESS, kter\u00e9 je zdarma tiskne.<\/p>\n","protected":false},"excerpt":{"rendered":"<p>Jestli jste i z hodn\u011b \u0161irok\u00e9ho okol\u00ed Senet\u00edna, tak se t\u011b\u0161te, \u017ee v\u00e1m brzy jeden z velk\u00e9 d\u00e1vky zvac\u00edch let\u00e1k\u016f p\u0159istane v po\u0161tovn\u00ed schr\u00e1nce. D\u011bkujeme moc spole\u010dnosti STUDIO PRESS, kter\u00e9 je zdarma tiskne.<\/p>\n","protected":false},"author":2,"featured_media":0,"comment_status":"closed","ping_status":"closed","sticky":false,"template":"","format":"standard","meta":{"footnotes":""},"categories":[2],"tags":[],"class_list":["post-397","post","type-post","status-publish","format-standard","hentry","category-festivalove-novinky"],"_links":{"self":[{"href":"https:\/\/festivalnazelenelouce.cz\/index.php?rest_route=\/wp\/v2\/posts\/397","targetHints":{"allow":["GET"]}}],"collection":[{"href":"https:\/\/festivalnazelenelouce.cz\/index.php?rest_route=\/wp\/v2\/posts"}],"about":[{"href":"https:\/\/festivalnazelenelouce.cz\/index.php?rest_route=\/wp\/v2\/types\/post"}],"author":[{"embeddable":true,"href":"https:\/\/festivalnazelenelouce.cz\/index.php?rest_route=\/wp\/v2\/users\/2"}],"replies":[{"embeddable":true,"href":"https:\/\/festivalnazelenelouce.cz\/index.php?rest_route=%2Fwp%2Fv2%2Fcomments&post=397"}],"version-history":[{"count":3,"href":"https:\/\/festivalnazelenelouce.cz\/index.php?rest_route=\/wp\/v2\/posts\/397\/revisions"}],"predecessor-version":[{"id":400,"href":"https:\/\/festivalnazelenelouce.cz\/index.php?rest_route=\/wp\/v2\/posts\/397\/revisions\/400"}],"wp:attachment":[{"href":"https:\/\/festivalnazelenelouce.cz\/index.php?rest_route=%2Fwp%2Fv2%2Fmedia&parent=397"}],"wp:term":[{"taxonomy":"category","embeddable":true,"href":"https:\/\/festivalnazelenelouce.cz\/index.php?rest_route=%2Fwp%2Fv2%2Fcategories&post=397"},{"taxonomy":"post_tag","embeddable":true,"href":"https:\/\/festivalnazelenelouce.cz\/index.php?rest_route=%2Fwp%2Fv2%2Ftags&post=397"}],"curies":[{"name":"wp","href":"https:\/\/api.w.org\/{rel}","templated":true}]}}