{"id":395,"date":"2018-05-03T16:39:31","date_gmt":"2018-05-03T14:39:31","guid":{"rendered":"http:\/\/festivalnazelenelouce.cz\/?p=395"},"modified":"2018-05-03T16:39:31","modified_gmt":"2018-05-03T14:39:31","slug":"tepla-se-bat-nemusite-zmrzliny-budou","status":"publish","type":"post","link":"https:\/\/festivalnazelenelouce.cz\/?p=395","title":{"rendered":"Tepla se b\u00e1t nemus\u00edte &#8211; zmrzliny budou"},"content":{"rendered":"<p>Pro mal\u00e9 i velk\u00e9 \u00fa\u010dastn\u00edky festivalu m\u00e1m skv\u011blou zpr\u00e1vu. Jako ve slavn\u00e9m to filmu: &#8222;My v\u00e1m ty zmrzliny p\u0159ivezeme.&#8220; Vskutku velmi chutn\u00e9 zmrzliny doveze Pinko z Bene\u0161ova, co\u017e jsem moc r\u00e1d a moc jim t\u00edmto d\u011bkujeme.<\/p>\n","protected":false},"excerpt":{"rendered":"<p>Pro mal\u00e9 i velk\u00e9 \u00fa\u010dastn\u00edky festivalu m\u00e1m skv\u011blou zpr\u00e1vu. Jako ve slavn\u00e9m to filmu: &#8222;My v\u00e1m ty zmrzliny p\u0159ivezeme.&#8220; Vskutku velmi chutn\u00e9 zmrzliny doveze Pinko z Bene\u0161ova, co\u017e jsem moc r\u00e1d a moc jim t\u00edmto d\u011bkujeme.<\/p>\n","protected":false},"author":2,"featured_media":0,"comment_status":"closed","ping_status":"closed","sticky":false,"template":"","format":"standard","meta":{"footnotes":""},"categories":[2],"tags":[],"class_list":["post-395","post","type-post","status-publish","format-standard","hentry","category-festivalove-novinky"],"_links":{"self":[{"href":"https:\/\/festivalnazelenelouce.cz\/index.php?rest_route=\/wp\/v2\/posts\/395","targetHints":{"allow":["GET"]}}],"collection":[{"href":"https:\/\/festivalnazelenelouce.cz\/index.php?rest_route=\/wp\/v2\/posts"}],"about":[{"href":"https:\/\/festivalnazelenelouce.cz\/index.php?rest_route=\/wp\/v2\/types\/post"}],"author":[{"embeddable":true,"href":"https:\/\/festivalnazelenelouce.cz\/index.php?rest_route=\/wp\/v2\/users\/2"}],"replies":[{"embeddable":true,"href":"https:\/\/festivalnazelenelouce.cz\/index.php?rest_route=%2Fwp%2Fv2%2Fcomments&post=395"}],"version-history":[{"count":1,"href":"https:\/\/festivalnazelenelouce.cz\/index.php?rest_route=\/wp\/v2\/posts\/395\/revisions"}],"predecessor-version":[{"id":396,"href":"https:\/\/festivalnazelenelouce.cz\/index.php?rest_route=\/wp\/v2\/posts\/395\/revisions\/396"}],"wp:attachment":[{"href":"https:\/\/festivalnazelenelouce.cz\/index.php?rest_route=%2Fwp%2Fv2%2Fmedia&parent=395"}],"wp:term":[{"taxonomy":"category","embeddable":true,"href":"https:\/\/festivalnazelenelouce.cz\/index.php?rest_route=%2Fwp%2Fv2%2Fcategories&post=395"},{"taxonomy":"post_tag","embeddable":true,"href":"https:\/\/festivalnazelenelouce.cz\/index.php?rest_route=%2Fwp%2Fv2%2Ftags&post=395"}],"curies":[{"name":"wp","href":"https:\/\/api.w.org\/{rel}","templated":true}]}}