{"id":369,"date":"2017-05-17T15:23:51","date_gmt":"2017-05-17T13:23:51","guid":{"rendered":"http:\/\/festivalnazelenelouce.cz\/?p=369"},"modified":"2017-05-17T15:23:51","modified_gmt":"2017-05-17T13:23:51","slug":"festival-zazije-imaginarni-irskou-hospudku-dojede-paleta","status":"publish","type":"post","link":"https:\/\/festivalnazelenelouce.cz\/?p=369","title":{"rendered":"Festival za\u017eije imagin\u00e1rn\u00ed irskou hosp\u016fdku, dojede Paleta"},"content":{"rendered":"<p>Chu\u0165 na dobr\u00e9 pivo se s ohledem na dne\u0161n\u00ed vedro venku skute\u010dn\u011b stup\u0148uje. Dnes V\u00e1m tedy prozrad\u00edm, \u017ee se na leto\u0161n\u00edm festivalu osobn\u011b setk\u00e1te s Pavlem, Jakubem, Alenkou a Martinem, tedy s kapelou Paleta. D\u00edky jejich hudb\u011b si dok\u00e1\u017eete p\u0159edstavit atmosf\u00e9ru irsk\u00e9 hosp\u016fdky. U\u017e aby to bylo i s t\u00edm dobr\u00fdm pivkem.<\/p>\n","protected":false},"excerpt":{"rendered":"<p>Chu\u0165 na dobr\u00e9 pivo se s ohledem na dne\u0161n\u00ed vedro venku skute\u010dn\u011b stup\u0148uje. Dnes V\u00e1m tedy prozrad\u00edm, \u017ee se na leto\u0161n\u00edm festivalu osobn\u011b setk\u00e1te s Pavlem, Jakubem, Alenkou a Martinem, tedy s kapelou Paleta. D\u00edky jejich hudb\u011b si dok\u00e1\u017eete p\u0159edstavit atmosf\u00e9ru irsk\u00e9 hosp\u016fdky. U\u017e aby to bylo i s t\u00edm dobr\u00fdm pivkem.<\/p>\n","protected":false},"author":2,"featured_media":0,"comment_status":"closed","ping_status":"closed","sticky":false,"template":"","format":"standard","meta":{"footnotes":""},"categories":[2],"tags":[],"class_list":["post-369","post","type-post","status-publish","format-standard","hentry","category-festivalove-novinky"],"_links":{"self":[{"href":"https:\/\/festivalnazelenelouce.cz\/index.php?rest_route=\/wp\/v2\/posts\/369","targetHints":{"allow":["GET"]}}],"collection":[{"href":"https:\/\/festivalnazelenelouce.cz\/index.php?rest_route=\/wp\/v2\/posts"}],"about":[{"href":"https:\/\/festivalnazelenelouce.cz\/index.php?rest_route=\/wp\/v2\/types\/post"}],"author":[{"embeddable":true,"href":"https:\/\/festivalnazelenelouce.cz\/index.php?rest_route=\/wp\/v2\/users\/2"}],"replies":[{"embeddable":true,"href":"https:\/\/festivalnazelenelouce.cz\/index.php?rest_route=%2Fwp%2Fv2%2Fcomments&post=369"}],"version-history":[{"count":1,"href":"https:\/\/festivalnazelenelouce.cz\/index.php?rest_route=\/wp\/v2\/posts\/369\/revisions"}],"predecessor-version":[{"id":370,"href":"https:\/\/festivalnazelenelouce.cz\/index.php?rest_route=\/wp\/v2\/posts\/369\/revisions\/370"}],"wp:attachment":[{"href":"https:\/\/festivalnazelenelouce.cz\/index.php?rest_route=%2Fwp%2Fv2%2Fmedia&parent=369"}],"wp:term":[{"taxonomy":"category","embeddable":true,"href":"https:\/\/festivalnazelenelouce.cz\/index.php?rest_route=%2Fwp%2Fv2%2Fcategories&post=369"},{"taxonomy":"post_tag","embeddable":true,"href":"https:\/\/festivalnazelenelouce.cz\/index.php?rest_route=%2Fwp%2Fv2%2Ftags&post=369"}],"curies":[{"name":"wp","href":"https:\/\/api.w.org\/{rel}","templated":true}]}}