{"id":361,"date":"2017-05-15T14:35:19","date_gmt":"2017-05-15T12:35:19","guid":{"rendered":"http:\/\/festivalnazelenelouce.cz\/?p=361"},"modified":"2017-05-15T14:37:32","modified_gmt":"2017-05-15T12:37:32","slug":"festivalove-stranky-jsou-v-novem-kabate-knofliky-dosijeme-za-pochodu-hvezda-bude-nejen-petr-bende","status":"publish","type":"post","link":"https:\/\/festivalnazelenelouce.cz\/?p=361","title":{"rendered":"Festivalov\u00e9 str\u00e1nky jsou v nov\u00e9m kab\u00e1t\u011b, knofl\u00edky do\u0161ijeme za pochodu. Hv\u011bzda bude nejen Petr Bende!!!"},"content":{"rendered":"<p>Jak vid\u00edte, tak jedeme na nov\u00fdch str\u00e1nk\u00e1ch. Ale to je vlastn\u011b tak trochu \u0161um\u00e1k. A v\u00edte pro\u010d? D\u016fle\u017eit\u00e9 je to, \u017ee u\u017e jen 3 soboty a bude prob\u00edhat leto\u0161n\u00ed festival. P\u0159ipravte se na super hlavn\u00ed i doprovodn\u00fd program. Kdo si chce u\u017e\u00edt jednoho z hlavn\u00edch hv\u011bzd festivalov\u00e9ho dne, Petra Bendeho, tak p\u0159ij\u010fte hned na za\u010d\u00e1tek festivalu. Petr bude hr\u00e1t v \u00favodu festivalu.<\/p>\n","protected":false},"excerpt":{"rendered":"<p>Jak vid\u00edte, tak jedeme na nov\u00fdch str\u00e1nk\u00e1ch. Ale to je vlastn\u011b tak trochu \u0161um\u00e1k. A v\u00edte pro\u010d? D\u016fle\u017eit\u00e9 je to, \u017ee u\u017e jen 3 soboty a bude prob\u00edhat leto\u0161n\u00ed festival. P\u0159ipravte se na super hlavn\u00ed i doprovodn\u00fd program. Kdo si chce u\u017e\u00edt jednoho z hlavn\u00edch hv\u011bzd festivalov\u00e9ho dne, Petra Bendeho, tak p\u0159ij\u010fte hned na za\u010d\u00e1tek<\/p>\n<p><a href=\"https:\/\/festivalnazelenelouce.cz\/?p=361\" class=\"more-link themebutton\">Pokra\u010dovat<\/a><\/p>\n","protected":false},"author":2,"featured_media":0,"comment_status":"closed","ping_status":"closed","sticky":false,"template":"","format":"standard","meta":{"footnotes":""},"categories":[2],"tags":[],"class_list":["post-361","post","type-post","status-publish","format-standard","hentry","category-festivalove-novinky"],"_links":{"self":[{"href":"https:\/\/festivalnazelenelouce.cz\/index.php?rest_route=\/wp\/v2\/posts\/361","targetHints":{"allow":["GET"]}}],"collection":[{"href":"https:\/\/festivalnazelenelouce.cz\/index.php?rest_route=\/wp\/v2\/posts"}],"about":[{"href":"https:\/\/festivalnazelenelouce.cz\/index.php?rest_route=\/wp\/v2\/types\/post"}],"author":[{"embeddable":true,"href":"https:\/\/festivalnazelenelouce.cz\/index.php?rest_route=\/wp\/v2\/users\/2"}],"replies":[{"embeddable":true,"href":"https:\/\/festivalnazelenelouce.cz\/index.php?rest_route=%2Fwp%2Fv2%2Fcomments&post=361"}],"version-history":[{"count":3,"href":"https:\/\/festivalnazelenelouce.cz\/index.php?rest_route=\/wp\/v2\/posts\/361\/revisions"}],"predecessor-version":[{"id":364,"href":"https:\/\/festivalnazelenelouce.cz\/index.php?rest_route=\/wp\/v2\/posts\/361\/revisions\/364"}],"wp:attachment":[{"href":"https:\/\/festivalnazelenelouce.cz\/index.php?rest_route=%2Fwp%2Fv2%2Fmedia&parent=361"}],"wp:term":[{"taxonomy":"category","embeddable":true,"href":"https:\/\/festivalnazelenelouce.cz\/index.php?rest_route=%2Fwp%2Fv2%2Fcategories&post=361"},{"taxonomy":"post_tag","embeddable":true,"href":"https:\/\/festivalnazelenelouce.cz\/index.php?rest_route=%2Fwp%2Fv2%2Ftags&post=361"}],"curies":[{"name":"wp","href":"https:\/\/api.w.org\/{rel}","templated":true}]}}