{"id":342,"date":"2017-04-24T16:19:21","date_gmt":"2017-04-24T14:19:21","guid":{"rendered":"http:\/\/festivalnazelenelouce.cz\/?p=342"},"modified":"2017-04-24T16:19:21","modified_gmt":"2017-04-24T14:19:21","slug":"budeme-mit-novy-web","status":"publish","type":"post","link":"https:\/\/festivalnazelenelouce.cz\/?p=342","title":{"rendered":"Budeme m\u00edt nov\u00fd web"},"content":{"rendered":"<p>S radost\u00ed v\u00e1m mohu ozn\u00e1mit, \u017ee jsme v c\u00edlov\u00e9 rovince s prac\u00ed na nov\u00e9m webu festivalu. Nyn\u00ed tedy \u010dtete jednu z posledn\u00edch zpr\u00e1v v tomto prost\u0159ed\u00ed. V\u0161e je p\u0159ipraveno k odstartov\u00e1n\u00ed do konce dubna. Tak se t\u011b\u0161te jako my. Adresa www.festivalnazelenelouce.cz z\u016fstane samoz\u0159ejm\u011b stejn\u00e1.<\/p>\n","protected":false},"excerpt":{"rendered":"<p>S radost\u00ed v\u00e1m mohu ozn\u00e1mit, \u017ee jsme v c\u00edlov\u00e9 rovince s prac\u00ed na nov\u00e9m webu festivalu. Nyn\u00ed tedy \u010dtete jednu z posledn\u00edch zpr\u00e1v v tomto prost\u0159ed\u00ed. V\u0161e je p\u0159ipraveno k odstartov\u00e1n\u00ed do konce dubna. Tak se t\u011b\u0161te jako my. Adresa www.festivalnazelenelouce.cz z\u016fstane samoz\u0159ejm\u011b stejn\u00e1.<\/p>\n","protected":false},"author":2,"featured_media":0,"comment_status":"closed","ping_status":"closed","sticky":false,"template":"","format":"standard","meta":{"footnotes":""},"categories":[2],"tags":[],"class_list":["post-342","post","type-post","status-publish","format-standard","hentry","category-festivalove-novinky"],"_links":{"self":[{"href":"https:\/\/festivalnazelenelouce.cz\/index.php?rest_route=\/wp\/v2\/posts\/342","targetHints":{"allow":["GET"]}}],"collection":[{"href":"https:\/\/festivalnazelenelouce.cz\/index.php?rest_route=\/wp\/v2\/posts"}],"about":[{"href":"https:\/\/festivalnazelenelouce.cz\/index.php?rest_route=\/wp\/v2\/types\/post"}],"author":[{"embeddable":true,"href":"https:\/\/festivalnazelenelouce.cz\/index.php?rest_route=\/wp\/v2\/users\/2"}],"replies":[{"embeddable":true,"href":"https:\/\/festivalnazelenelouce.cz\/index.php?rest_route=%2Fwp%2Fv2%2Fcomments&post=342"}],"version-history":[{"count":1,"href":"https:\/\/festivalnazelenelouce.cz\/index.php?rest_route=\/wp\/v2\/posts\/342\/revisions"}],"predecessor-version":[{"id":343,"href":"https:\/\/festivalnazelenelouce.cz\/index.php?rest_route=\/wp\/v2\/posts\/342\/revisions\/343"}],"wp:attachment":[{"href":"https:\/\/festivalnazelenelouce.cz\/index.php?rest_route=%2Fwp%2Fv2%2Fmedia&parent=342"}],"wp:term":[{"taxonomy":"category","embeddable":true,"href":"https:\/\/festivalnazelenelouce.cz\/index.php?rest_route=%2Fwp%2Fv2%2Fcategories&post=342"},{"taxonomy":"post_tag","embeddable":true,"href":"https:\/\/festivalnazelenelouce.cz\/index.php?rest_route=%2Fwp%2Fv2%2Ftags&post=342"}],"curies":[{"name":"wp","href":"https:\/\/api.w.org\/{rel}","templated":true}]}}