{"id":337,"date":"2016-12-06T17:50:40","date_gmt":"2016-12-06T15:50:40","guid":{"rendered":"http:\/\/festivalnazelenelouce.cz\/?p=337"},"modified":"2016-12-06T17:52:15","modified_gmt":"2016-12-06T15:52:15","slug":"iv-rocnik-festivalu-na-zelene-louce-se-jiz-chysta-zapiste-si-termin-3-6-2017","status":"publish","type":"post","link":"https:\/\/festivalnazelenelouce.cz\/?p=337","title":{"rendered":"IV. ro\u010dn\u00edk Festivalu na zelen\u00e9 louce se ji\u017e chyst\u00e1. Zapi\u0161t\u011b si term\u00edn 3. 6. 2017!"},"content":{"rendered":"<p>P\u016fl roku po kr\u00e1sn\u011b prob\u011bhnut\u00e9m festivalu jsme se op\u011bt dali z pln\u00fdch sil do p\u0159\u00edprav nov\u00e9ho ro\u010dn\u00edku Festivalu. Ji\u017e v tuto chv\u00edli je jasn\u00e9, \u017ee se m\u016f\u017eete za\u010d\u00edt t\u011b\u0161it. Jednak se pro v\u00e1s skv\u011ble zapl\u0148uje program \u00fa\u017easn\u00fdmi vystupuj\u00edc\u00edmi, tak je i garantovan\u00e9, \u017ee to co se bude d\u00edt v\u0161ude na louce bude op\u011bt v\u00edce ne\u017e skv\u011bl\u00e9.<\/p>\n<p>Dr\u017ete n\u00e1m tedy palce a\u0165 n\u00e1m v\u0161e jde a vy si klidn\u011b ji\u017e nyn\u00ed m\u016f\u017eete zapsat do sv\u00fdch nov\u00fdch di\u00e1\u0159\u016f 2017 prvn\u00ed sobotu v \u010dervnu. Pro skute\u010dn\u00e9 srdca\u0159e, kte\u0159\u00ed cht\u011bj\u00ed u\u017e\u00edt cel\u00fd v\u00edkend s pohodov\u00fdmi lidmi na nejlep\u0161\u00edm m\u00edst\u011b na sv\u011bt\u011b bude lehce kulturn\u00ed i p\u00e1tek ve\u010der p\u0159ed festivalem.<\/p>\n<p>&nbsp;<\/p>\n","protected":false},"excerpt":{"rendered":"<p>P\u016fl roku po kr\u00e1sn\u011b prob\u011bhnut\u00e9m festivalu jsme se op\u011bt dali z pln\u00fdch sil do p\u0159\u00edprav nov\u00e9ho ro\u010dn\u00edku Festivalu. Ji\u017e v tuto chv\u00edli je jasn\u00e9, \u017ee se m\u016f\u017eete za\u010d\u00edt t\u011b\u0161it. Jednak se pro v\u00e1s skv\u011ble zapl\u0148uje program \u00fa\u017easn\u00fdmi vystupuj\u00edc\u00edmi, tak je i garantovan\u00e9, \u017ee to co se bude d\u00edt v\u0161ude na louce bude op\u011bt v\u00edce ne\u017e<\/p>\n<p><a href=\"https:\/\/festivalnazelenelouce.cz\/?p=337\" class=\"more-link themebutton\">Pokra\u010dovat<\/a><\/p>\n","protected":false},"author":2,"featured_media":0,"comment_status":"closed","ping_status":"closed","sticky":false,"template":"","format":"standard","meta":{"footnotes":""},"categories":[2],"tags":[],"class_list":["post-337","post","type-post","status-publish","format-standard","hentry","category-festivalove-novinky"],"_links":{"self":[{"href":"https:\/\/festivalnazelenelouce.cz\/index.php?rest_route=\/wp\/v2\/posts\/337","targetHints":{"allow":["GET"]}}],"collection":[{"href":"https:\/\/festivalnazelenelouce.cz\/index.php?rest_route=\/wp\/v2\/posts"}],"about":[{"href":"https:\/\/festivalnazelenelouce.cz\/index.php?rest_route=\/wp\/v2\/types\/post"}],"author":[{"embeddable":true,"href":"https:\/\/festivalnazelenelouce.cz\/index.php?rest_route=\/wp\/v2\/users\/2"}],"replies":[{"embeddable":true,"href":"https:\/\/festivalnazelenelouce.cz\/index.php?rest_route=%2Fwp%2Fv2%2Fcomments&post=337"}],"version-history":[{"count":2,"href":"https:\/\/festivalnazelenelouce.cz\/index.php?rest_route=\/wp\/v2\/posts\/337\/revisions"}],"predecessor-version":[{"id":339,"href":"https:\/\/festivalnazelenelouce.cz\/index.php?rest_route=\/wp\/v2\/posts\/337\/revisions\/339"}],"wp:attachment":[{"href":"https:\/\/festivalnazelenelouce.cz\/index.php?rest_route=%2Fwp%2Fv2%2Fmedia&parent=337"}],"wp:term":[{"taxonomy":"category","embeddable":true,"href":"https:\/\/festivalnazelenelouce.cz\/index.php?rest_route=%2Fwp%2Fv2%2Fcategories&post=337"},{"taxonomy":"post_tag","embeddable":true,"href":"https:\/\/festivalnazelenelouce.cz\/index.php?rest_route=%2Fwp%2Fv2%2Ftags&post=337"}],"curies":[{"name":"wp","href":"https:\/\/api.w.org\/{rel}","templated":true}]}}