{"id":254,"date":"2016-06-14T18:18:05","date_gmt":"2016-06-14T16:18:05","guid":{"rendered":"http:\/\/festivalnazelenelouce.cz\/?p=254"},"modified":"2016-06-14T18:18:05","modified_gmt":"2016-06-14T16:18:05","slug":"video-z-probehnuteho-iii-rocniku-festivalu-na-zelene-louce","status":"publish","type":"post","link":"https:\/\/festivalnazelenelouce.cz\/?p=254","title":{"rendered":"VIDEO Z PROB\u011aHNUT\u00c9HO III. RO\u010cN\u00cdKU FESTIVALU NA ZELEN\u00c9 LOUCE"},"content":{"rendered":"<p>V sobotu 4. 6. 2016 se neskute\u010dn\u00fdm zp\u016fsobem povedl ji\u017e v po\u0159ad\u00ed III. ro\u010dn\u00edk benefi\u010dn\u00edho festivalu nedaleko obce Senet\u00edn. Velk\u00fd d\u00edk pat\u0159\u00ed v\u0161em, kte\u0159\u00ed se na akci pod\u00edleli. Pod\u00edvejte se na vzpom\u00ednkov\u00e9 video.<\/p>\n<p><iframe loading=\"lazy\" width=\"960\" height=\"540\" src=\"https:\/\/www.youtube.com\/embed\/THgc7I3upfE?feature=oembed\" frameborder=\"0\" allowfullscreen><\/iframe><\/p>\n","protected":false},"excerpt":{"rendered":"<p>V sobotu 4. 6. 2016 se neskute\u010dn\u00fdm zp\u016fsobem povedl ji\u017e v po\u0159ad\u00ed III. ro\u010dn\u00edk benefi\u010dn\u00edho festivalu nedaleko obce Senet\u00edn. Velk\u00fd d\u00edk pat\u0159\u00ed v\u0161em, kte\u0159\u00ed se na akci pod\u00edleli. Pod\u00edvejte se na vzpom\u00ednkov\u00e9 video.<\/p>\n","protected":false},"author":2,"featured_media":0,"comment_status":"closed","ping_status":"closed","sticky":false,"template":"","format":"standard","meta":{"footnotes":""},"categories":[2],"tags":[],"class_list":["post-254","post","type-post","status-publish","format-standard","hentry","category-festivalove-novinky"],"_links":{"self":[{"href":"https:\/\/festivalnazelenelouce.cz\/index.php?rest_route=\/wp\/v2\/posts\/254","targetHints":{"allow":["GET"]}}],"collection":[{"href":"https:\/\/festivalnazelenelouce.cz\/index.php?rest_route=\/wp\/v2\/posts"}],"about":[{"href":"https:\/\/festivalnazelenelouce.cz\/index.php?rest_route=\/wp\/v2\/types\/post"}],"author":[{"embeddable":true,"href":"https:\/\/festivalnazelenelouce.cz\/index.php?rest_route=\/wp\/v2\/users\/2"}],"replies":[{"embeddable":true,"href":"https:\/\/festivalnazelenelouce.cz\/index.php?rest_route=%2Fwp%2Fv2%2Fcomments&post=254"}],"version-history":[{"count":2,"href":"https:\/\/festivalnazelenelouce.cz\/index.php?rest_route=\/wp\/v2\/posts\/254\/revisions"}],"predecessor-version":[{"id":256,"href":"https:\/\/festivalnazelenelouce.cz\/index.php?rest_route=\/wp\/v2\/posts\/254\/revisions\/256"}],"wp:attachment":[{"href":"https:\/\/festivalnazelenelouce.cz\/index.php?rest_route=%2Fwp%2Fv2%2Fmedia&parent=254"}],"wp:term":[{"taxonomy":"category","embeddable":true,"href":"https:\/\/festivalnazelenelouce.cz\/index.php?rest_route=%2Fwp%2Fv2%2Fcategories&post=254"},{"taxonomy":"post_tag","embeddable":true,"href":"https:\/\/festivalnazelenelouce.cz\/index.php?rest_route=%2Fwp%2Fv2%2Ftags&post=254"}],"curies":[{"name":"wp","href":"https:\/\/api.w.org\/{rel}","templated":true}]}}