{"id":249,"date":"2016-06-01T12:08:24","date_gmt":"2016-06-01T10:08:24","guid":{"rendered":"http:\/\/festivalnazelenelouce.cz\/?p=249"},"modified":"2016-06-01T12:10:54","modified_gmt":"2016-06-01T10:10:54","slug":"za-3-dny-jiz-vypukne-festival-ve-sve-krase","status":"publish","type":"post","link":"https:\/\/festivalnazelenelouce.cz\/?p=249","title":{"rendered":"Za 3 dny ji\u017e vypukne Festival ve sv\u00e9 kr\u00e1se"},"content":{"rendered":"<p>Jen p\u0159ipom\u00edn\u00e1me, \u017ee ji\u017e tuto sobotu po cel\u00fd den (tedy po 13 hod.) bude na festivalu co d\u011blat, co za\u017e\u00edt, na co se d\u00edvat, co poslouchat, co j\u00edst a p\u00edt, kde sout\u011b\u017eit, co mlsat (pr\u00e1v\u011b v tuto chv\u00edli se veze 1 000 zmrzlin a 150 kousk\u016f n\u00e1poje hlavn\u011b pro mlad\u00e9 a je\u0161t\u011b mlad\u0161\u00ed pod n\u00e1zvem BUBBLE JOY), na \u010dem jezdit, \u010demu se zasm\u00e1t, co si zkusit, \u00a0co vyhr\u00e1t, kde tan\u010dit, co si otestovat a prost\u011b najdete m\u00edsto, kde v\u00e1m spadne brada a kter\u00e9 si u\u017eijete. A to nejen d\u00edky d\u00edky hv\u011bzd\u00e1m, kter\u00e9 na v\u00e1s spadnou.<\/p>\n<p>T\u011b\u0161\u00edm se na v\u00e1s.<\/p>\n<p>&nbsp;<\/p>\n<p>PS: A mimochodem, bude kde sp\u00e1t. Cel\u00e1 vedlej\u0161\u00ed louka je p\u0159ipravena pro va\u0161e stany. Kdy\u017e tedy p\u016fjdete v\u016fbec sp\u00e1t:-)<\/p>\n","protected":false},"excerpt":{"rendered":"<p>Jen p\u0159ipom\u00edn\u00e1me, \u017ee ji\u017e tuto sobotu po cel\u00fd den (tedy po 13 hod.) bude na festivalu co d\u011blat, co za\u017e\u00edt, na co se d\u00edvat, co poslouchat, co j\u00edst a p\u00edt, kde sout\u011b\u017eit, co mlsat (pr\u00e1v\u011b v tuto chv\u00edli se veze 1 000 zmrzlin a 150 kousk\u016f n\u00e1poje hlavn\u011b pro mlad\u00e9 a je\u0161t\u011b mlad\u0161\u00ed pod n\u00e1zvem<\/p>\n<p><a href=\"https:\/\/festivalnazelenelouce.cz\/?p=249\" class=\"more-link themebutton\">Pokra\u010dovat<\/a><\/p>\n","protected":false},"author":2,"featured_media":0,"comment_status":"closed","ping_status":"closed","sticky":false,"template":"","format":"standard","meta":{"footnotes":""},"categories":[2],"tags":[],"class_list":["post-249","post","type-post","status-publish","format-standard","hentry","category-festivalove-novinky"],"_links":{"self":[{"href":"https:\/\/festivalnazelenelouce.cz\/index.php?rest_route=\/wp\/v2\/posts\/249","targetHints":{"allow":["GET"]}}],"collection":[{"href":"https:\/\/festivalnazelenelouce.cz\/index.php?rest_route=\/wp\/v2\/posts"}],"about":[{"href":"https:\/\/festivalnazelenelouce.cz\/index.php?rest_route=\/wp\/v2\/types\/post"}],"author":[{"embeddable":true,"href":"https:\/\/festivalnazelenelouce.cz\/index.php?rest_route=\/wp\/v2\/users\/2"}],"replies":[{"embeddable":true,"href":"https:\/\/festivalnazelenelouce.cz\/index.php?rest_route=%2Fwp%2Fv2%2Fcomments&post=249"}],"version-history":[{"count":3,"href":"https:\/\/festivalnazelenelouce.cz\/index.php?rest_route=\/wp\/v2\/posts\/249\/revisions"}],"predecessor-version":[{"id":252,"href":"https:\/\/festivalnazelenelouce.cz\/index.php?rest_route=\/wp\/v2\/posts\/249\/revisions\/252"}],"wp:attachment":[{"href":"https:\/\/festivalnazelenelouce.cz\/index.php?rest_route=%2Fwp%2Fv2%2Fmedia&parent=249"}],"wp:term":[{"taxonomy":"category","embeddable":true,"href":"https:\/\/festivalnazelenelouce.cz\/index.php?rest_route=%2Fwp%2Fv2%2Fcategories&post=249"},{"taxonomy":"post_tag","embeddable":true,"href":"https:\/\/festivalnazelenelouce.cz\/index.php?rest_route=%2Fwp%2Fv2%2Ftags&post=249"}],"curies":[{"name":"wp","href":"https:\/\/api.w.org\/{rel}","templated":true}]}}