{"id":244,"date":"2016-05-12T16:22:28","date_gmt":"2016-05-12T14:22:28","guid":{"rendered":"http:\/\/festivalnazelenelouce.cz\/?p=244"},"modified":"2016-05-12T16:22:28","modified_gmt":"2016-05-12T14:22:28","slug":"propagace-festivalu-zahajena","status":"publish","type":"post","link":"https:\/\/festivalnazelenelouce.cz\/?p=244","title":{"rendered":"Propagace festivalu zah\u00e1jena"},"content":{"rendered":"<p>&nbsp;<\/p>\n<p>&nbsp;<\/p>\n<p>&nbsp;<\/p>\n<p>&nbsp;<\/p>\n<p><a href=\"http:\/\/festivalnazelenelouce.cz\/wp-content\/uploads\/2016\/05\/FNZL_automojzis.jpg\"><img loading=\"lazy\" decoding=\"async\" class=\"alignnone size-medium wp-image-245\" src=\"http:\/\/festivalnazelenelouce.cz\/wp-content\/uploads\/2016\/05\/FNZL_automojzis-300x225.jpg\" alt=\"FNZL_automojzis\" width=\"300\" height=\"225\" srcset=\"https:\/\/festivalnazelenelouce.cz\/wp-content\/uploads\/2016\/05\/FNZL_automojzis-300x225.jpg 300w, https:\/\/festivalnazelenelouce.cz\/wp-content\/uploads\/2016\/05\/FNZL_automojzis-480x360.jpg 480w, https:\/\/festivalnazelenelouce.cz\/wp-content\/uploads\/2016\/05\/FNZL_automojzis-768x576.jpg 768w, https:\/\/festivalnazelenelouce.cz\/wp-content\/uploads\/2016\/05\/FNZL_automojzis-320x240.jpg 320w, https:\/\/festivalnazelenelouce.cz\/wp-content\/uploads\/2016\/05\/FNZL_automojzis-240x180.jpg 240w, https:\/\/festivalnazelenelouce.cz\/wp-content\/uploads\/2016\/05\/FNZL_automojzis.jpg 800w\" sizes=\"auto, (max-width: 300px) 100vw, 300px\" \/><\/a>\u00a0Letos m\u00e1 Festival asi nejv\u011bt\u0161\u00ed propaga\u010dn\u00ed kampa\u0148 ze v\u0161ech t\u0159\u00ed ro\u010dn\u00edk\u016f. Tady je prvn\u00ed banner, kter\u00fd byl dnes instalov\u00e1n u partnera Festivalu Auto Moj\u017e\u00ed\u0161. D\u011bkujeme.<\/p>\n<p>&nbsp;<\/p>\n<p>&nbsp;<\/p>\n<p>&nbsp;<\/p>\n","protected":false},"excerpt":{"rendered":"<p>&nbsp; &nbsp; &nbsp; &nbsp; \u00a0Letos m\u00e1 Festival asi nejv\u011bt\u0161\u00ed propaga\u010dn\u00ed kampa\u0148 ze v\u0161ech t\u0159\u00ed ro\u010dn\u00edk\u016f. Tady je prvn\u00ed banner, kter\u00fd byl dnes instalov\u00e1n u partnera Festivalu Auto Moj\u017e\u00ed\u0161. D\u011bkujeme. &nbsp; &nbsp; &nbsp;<\/p>\n","protected":false},"author":2,"featured_media":0,"comment_status":"closed","ping_status":"closed","sticky":false,"template":"","format":"standard","meta":{"footnotes":""},"categories":[2],"tags":[],"class_list":["post-244","post","type-post","status-publish","format-standard","hentry","category-festivalove-novinky"],"_links":{"self":[{"href":"https:\/\/festivalnazelenelouce.cz\/index.php?rest_route=\/wp\/v2\/posts\/244","targetHints":{"allow":["GET"]}}],"collection":[{"href":"https:\/\/festivalnazelenelouce.cz\/index.php?rest_route=\/wp\/v2\/posts"}],"about":[{"href":"https:\/\/festivalnazelenelouce.cz\/index.php?rest_route=\/wp\/v2\/types\/post"}],"author":[{"embeddable":true,"href":"https:\/\/festivalnazelenelouce.cz\/index.php?rest_route=\/wp\/v2\/users\/2"}],"replies":[{"embeddable":true,"href":"https:\/\/festivalnazelenelouce.cz\/index.php?rest_route=%2Fwp%2Fv2%2Fcomments&post=244"}],"version-history":[{"count":2,"href":"https:\/\/festivalnazelenelouce.cz\/index.php?rest_route=\/wp\/v2\/posts\/244\/revisions"}],"predecessor-version":[{"id":247,"href":"https:\/\/festivalnazelenelouce.cz\/index.php?rest_route=\/wp\/v2\/posts\/244\/revisions\/247"}],"wp:attachment":[{"href":"https:\/\/festivalnazelenelouce.cz\/index.php?rest_route=%2Fwp%2Fv2%2Fmedia&parent=244"}],"wp:term":[{"taxonomy":"category","embeddable":true,"href":"https:\/\/festivalnazelenelouce.cz\/index.php?rest_route=%2Fwp%2Fv2%2Fcategories&post=244"},{"taxonomy":"post_tag","embeddable":true,"href":"https:\/\/festivalnazelenelouce.cz\/index.php?rest_route=%2Fwp%2Fv2%2Ftags&post=244"}],"curies":[{"name":"wp","href":"https:\/\/api.w.org\/{rel}","templated":true}]}}