{"id":241,"date":"2016-05-12T16:19:12","date_gmt":"2016-05-12T14:19:12","guid":{"rendered":"http:\/\/festivalnazelenelouce.cz\/?p=241"},"modified":"2016-05-12T16:19:12","modified_gmt":"2016-05-12T14:19:12","slug":"plakat-na-iii-rocnik-festivalu-na-zelene-2016","status":"publish","type":"post","link":"https:\/\/festivalnazelenelouce.cz\/?p=241","title":{"rendered":"Plak\u00e1t na III. ro\u010dn\u00edk Festivalu na zelen\u00e9 2016"},"content":{"rendered":"<p><a href=\"http:\/\/festivalnazelenelouce.cz\/wp-content\/uploads\/2016\/05\/plakat_FNL_A3-2016.jpg\"><img loading=\"lazy\" decoding=\"async\" class=\"alignnone size-medium wp-image-242\" src=\"http:\/\/festivalnazelenelouce.cz\/wp-content\/uploads\/2016\/05\/plakat_FNL_A3-2016-212x300.jpg\" alt=\"plakat_FNL_A3 2016\" width=\"212\" height=\"300\" srcset=\"https:\/\/festivalnazelenelouce.cz\/wp-content\/uploads\/2016\/05\/plakat_FNL_A3-2016-212x300.jpg 212w, https:\/\/festivalnazelenelouce.cz\/wp-content\/uploads\/2016\/05\/plakat_FNL_A3-2016-300x424.jpg 300w, https:\/\/festivalnazelenelouce.cz\/wp-content\/uploads\/2016\/05\/plakat_FNL_A3-2016-480x678.jpg 480w, https:\/\/festivalnazelenelouce.cz\/wp-content\/uploads\/2016\/05\/plakat_FNL_A3-2016-768x1086.jpg 768w, https:\/\/festivalnazelenelouce.cz\/wp-content\/uploads\/2016\/05\/plakat_FNL_A3-2016-724x1024.jpg 724w, https:\/\/festivalnazelenelouce.cz\/wp-content\/uploads\/2016\/05\/plakat_FNL_A3-2016.jpg 849w\" sizes=\"auto, (max-width: 212px) 100vw, 212px\" \/><\/a><\/p>\n","protected":false},"excerpt":{"rendered":"","protected":false},"author":2,"featured_media":0,"comment_status":"closed","ping_status":"closed","sticky":false,"template":"","format":"standard","meta":{"footnotes":""},"categories":[2],"tags":[],"class_list":["post-241","post","type-post","status-publish","format-standard","hentry","category-festivalove-novinky"],"_links":{"self":[{"href":"https:\/\/festivalnazelenelouce.cz\/index.php?rest_route=\/wp\/v2\/posts\/241","targetHints":{"allow":["GET"]}}],"collection":[{"href":"https:\/\/festivalnazelenelouce.cz\/index.php?rest_route=\/wp\/v2\/posts"}],"about":[{"href":"https:\/\/festivalnazelenelouce.cz\/index.php?rest_route=\/wp\/v2\/types\/post"}],"author":[{"embeddable":true,"href":"https:\/\/festivalnazelenelouce.cz\/index.php?rest_route=\/wp\/v2\/users\/2"}],"replies":[{"embeddable":true,"href":"https:\/\/festivalnazelenelouce.cz\/index.php?rest_route=%2Fwp%2Fv2%2Fcomments&post=241"}],"version-history":[{"count":1,"href":"https:\/\/festivalnazelenelouce.cz\/index.php?rest_route=\/wp\/v2\/posts\/241\/revisions"}],"predecessor-version":[{"id":243,"href":"https:\/\/festivalnazelenelouce.cz\/index.php?rest_route=\/wp\/v2\/posts\/241\/revisions\/243"}],"wp:attachment":[{"href":"https:\/\/festivalnazelenelouce.cz\/index.php?rest_route=%2Fwp%2Fv2%2Fmedia&parent=241"}],"wp:term":[{"taxonomy":"category","embeddable":true,"href":"https:\/\/festivalnazelenelouce.cz\/index.php?rest_route=%2Fwp%2Fv2%2Fcategories&post=241"},{"taxonomy":"post_tag","embeddable":true,"href":"https:\/\/festivalnazelenelouce.cz\/index.php?rest_route=%2Fwp%2Fv2%2Ftags&post=241"}],"curies":[{"name":"wp","href":"https:\/\/api.w.org\/{rel}","templated":true}]}}