{"id":238,"date":"2016-04-26T11:37:13","date_gmt":"2016-04-26T09:37:13","guid":{"rendered":"http:\/\/festivalnazelenelouce.cz\/?p=238"},"modified":"2016-04-26T11:37:13","modified_gmt":"2016-04-26T09:37:13","slug":"2016-celodenni-program-festivalu-pro-deti-a-dospele-je-hotov","status":"publish","type":"post","link":"https:\/\/festivalnazelenelouce.cz\/?p=238","title":{"rendered":"2016 &#8211; CELODENN\u00cd PROGRAM FESTIVALU PRO D\u011aTI A DOSP\u011aL\u00c9 JE HOTOV"},"content":{"rendered":"<p>S velk\u00fdm pot\u011b\u0161en\u00edm a nemal\u00fdm t\u011b\u0161en\u00edm V\u00e1m mohu slavnostn\u011b ozn\u00e1mit, \u017ee program pro III. ro\u010dn\u00ed Festivalu na zelen\u00e9 louce je hotov. \u017de bude cel\u00e9 odpoledne a ve\u010der moderovat skv\u011bl\u00fd \u010dlov\u011bk, \u00fa\u017easn\u00fd moder\u00e1tor Tom\u00e1\u0161 F\u00edla asi nemus\u00edm ps\u00e1t. Z minul\u00e9ho roku v\u00edme, \u017ee Tom\u00e1\u0161 je prost\u011b n\u00e1\u0161:-)<\/p>\n<p><strong>Neuv\u011b\u0159iteln\u00fd doprovodn\u00fd program festivalu: \u00a0<\/strong><\/p>\n<ul>\n<li>Sokoln\u00edci z Obory \u017dleby<\/li>\n<li>Agility<\/li>\n<li>J\u00edzda na koni<\/li>\n<li>Vy\u0159ez\u00e1v\u00e1n\u00ed z\u00a0ovoce<\/li>\n<li>J\u00edzdy na elektrokolech<\/li>\n<li>J\u00f3ga sm\u00edchu<\/li>\n<li>Galerie na dr\u00e1tku<\/li>\n<li>V\u00fdstava obraz\u016f<\/li>\n<li>V\u00fdroba ru\u010dn\u00edho pap\u00edru<\/li>\n<li>Ubrouskov\u00e1 technika &#8211; decoupage<\/li>\n<li>Keramick\u00e1 d\u00edlna<\/li>\n<li>Malov\u00e1n\u00ed na obli\u010dej<\/li>\n<li>D\u0159ev\u011bn\u00e9 hlavolamy<\/li>\n<li>Plst\u011bn\u00ed<\/li>\n<li>Obrovsk\u00e1 tombola<\/li>\n<li>Sout\u011b\u017ee a atrakce pro d\u011bti<\/li>\n<\/ul>\n<p><strong>A takto je pro v\u00e1s p\u0159ipraven\u00e1 kulturn\u00ed smr\u0161\u0165, z\u00e1\u017eitky se z\u00e1bavou, kter\u00e9 za\u017eijete na p\u00f3diu:\u00a0<\/strong><\/p>\n<ul>\n<li>ZU\u0160 Lede\u010d nad S\u00e1zavou &#8211; akordeonov\u00fd orchestr<\/li>\n<li>K\u016eZLE HU.SOU.<\/li>\n<li>Old\u0159ich K\u0159\u00ed\u017e a muzik\u00e1lov\u00e9 hv\u011bzdy<\/li>\n<li>Norbi Kov\u00e1cs<\/li>\n<li>Stanislav Barek<\/li>\n<li>A\u017e napr\u0161\u00ed a uschne<\/li>\n<li>Ma\u017eoretky Luminous \u00a0DDM \u010c\u00e1slav<\/li>\n<li>Vesper<\/li>\n<li>Globus<\/li>\n<\/ul>\n<p>\u017de bude skv\u011bl\u00e9 j\u00eddlo, pit\u00ed, oh\u0148ostroj, prima po\u010das\u00ed:-) i atmosf\u00e9ra nemus\u00edm ps\u00e1t:-) T\u011b\u0161\u00edme se na v\u00e1s.<\/p>\n<p>&nbsp;<\/p>\n","protected":false},"excerpt":{"rendered":"<p>S velk\u00fdm pot\u011b\u0161en\u00edm a nemal\u00fdm t\u011b\u0161en\u00edm V\u00e1m mohu slavnostn\u011b ozn\u00e1mit, \u017ee program pro III. ro\u010dn\u00ed Festivalu na zelen\u00e9 louce je hotov. \u017de bude cel\u00e9 odpoledne a ve\u010der moderovat skv\u011bl\u00fd \u010dlov\u011bk, \u00fa\u017easn\u00fd moder\u00e1tor Tom\u00e1\u0161 F\u00edla asi nemus\u00edm ps\u00e1t. Z minul\u00e9ho roku v\u00edme, \u017ee Tom\u00e1\u0161 je prost\u011b n\u00e1\u0161:-) Neuv\u011b\u0159iteln\u00fd doprovodn\u00fd program festivalu: \u00a0 Sokoln\u00edci z Obory \u017dleby<\/p>\n<p><a href=\"https:\/\/festivalnazelenelouce.cz\/?p=238\" class=\"more-link themebutton\">Pokra\u010dovat<\/a><\/p>\n","protected":false},"author":2,"featured_media":0,"comment_status":"closed","ping_status":"closed","sticky":false,"template":"","format":"standard","meta":{"footnotes":""},"categories":[2],"tags":[],"class_list":["post-238","post","type-post","status-publish","format-standard","hentry","category-festivalove-novinky"],"_links":{"self":[{"href":"https:\/\/festivalnazelenelouce.cz\/index.php?rest_route=\/wp\/v2\/posts\/238","targetHints":{"allow":["GET"]}}],"collection":[{"href":"https:\/\/festivalnazelenelouce.cz\/index.php?rest_route=\/wp\/v2\/posts"}],"about":[{"href":"https:\/\/festivalnazelenelouce.cz\/index.php?rest_route=\/wp\/v2\/types\/post"}],"author":[{"embeddable":true,"href":"https:\/\/festivalnazelenelouce.cz\/index.php?rest_route=\/wp\/v2\/users\/2"}],"replies":[{"embeddable":true,"href":"https:\/\/festivalnazelenelouce.cz\/index.php?rest_route=%2Fwp%2Fv2%2Fcomments&post=238"}],"version-history":[{"count":1,"href":"https:\/\/festivalnazelenelouce.cz\/index.php?rest_route=\/wp\/v2\/posts\/238\/revisions"}],"predecessor-version":[{"id":239,"href":"https:\/\/festivalnazelenelouce.cz\/index.php?rest_route=\/wp\/v2\/posts\/238\/revisions\/239"}],"wp:attachment":[{"href":"https:\/\/festivalnazelenelouce.cz\/index.php?rest_route=%2Fwp%2Fv2%2Fmedia&parent=238"}],"wp:term":[{"taxonomy":"category","embeddable":true,"href":"https:\/\/festivalnazelenelouce.cz\/index.php?rest_route=%2Fwp%2Fv2%2Fcategories&post=238"},{"taxonomy":"post_tag","embeddable":true,"href":"https:\/\/festivalnazelenelouce.cz\/index.php?rest_route=%2Fwp%2Fv2%2Ftags&post=238"}],"curies":[{"name":"wp","href":"https:\/\/api.w.org\/{rel}","templated":true}]}}