{"id":226,"date":"2016-04-06T13:49:20","date_gmt":"2016-04-06T11:49:20","guid":{"rendered":"http:\/\/festivalnazelenelouce.cz\/?p=226"},"modified":"2016-04-06T13:51:59","modified_gmt":"2016-04-06T11:51:59","slug":"jak-jsme-objednali-skvele-pocasi-na-festival-2016-navod-pro-vsechny","status":"publish","type":"post","link":"https:\/\/festivalnazelenelouce.cz\/?p=226","title":{"rendered":"JAK JSME OBJEDNALI SKV\u011aL\u00c9 PO\u010cAS\u00cd NA FESTIVAL 2016 &#8211; N\u00c1VOD PRO V\u0160ECHNY"},"content":{"rendered":"<p><a href=\"http:\/\/festivalnazelenelouce.cz\/wp-content\/uploads\/2016\/04\/IMG_2477.jpg\"><img loading=\"lazy\" decoding=\"async\" class=\"alignnone size-medium wp-image-227\" src=\"http:\/\/festivalnazelenelouce.cz\/wp-content\/uploads\/2016\/04\/IMG_2477-300x225.jpg\" alt=\"IMG_2477\" width=\"300\" height=\"225\" srcset=\"https:\/\/festivalnazelenelouce.cz\/wp-content\/uploads\/2016\/04\/IMG_2477-300x225.jpg 300w, https:\/\/festivalnazelenelouce.cz\/wp-content\/uploads\/2016\/04\/IMG_2477-480x360.jpg 480w, https:\/\/festivalnazelenelouce.cz\/wp-content\/uploads\/2016\/04\/IMG_2477-768x576.jpg 768w, https:\/\/festivalnazelenelouce.cz\/wp-content\/uploads\/2016\/04\/IMG_2477-960x720.jpg 960w, https:\/\/festivalnazelenelouce.cz\/wp-content\/uploads\/2016\/04\/IMG_2477-320x240.jpg 320w, https:\/\/festivalnazelenelouce.cz\/wp-content\/uploads\/2016\/04\/IMG_2477-240x180.jpg 240w, https:\/\/festivalnazelenelouce.cz\/wp-content\/uploads\/2016\/04\/IMG_2477.jpg 1000w\" sizes=\"auto, (max-width: 300px) 100vw, 300px\" \/><\/a><\/p>\n<p><a href=\"http:\/\/festivalnazelenelouce.cz\/wp-content\/uploads\/2016\/04\/IMG_2486.jpg\"><img loading=\"lazy\" decoding=\"async\" class=\"alignnone size-medium wp-image-228\" src=\"http:\/\/festivalnazelenelouce.cz\/wp-content\/uploads\/2016\/04\/IMG_2486-300x225.jpg\" alt=\"IMG_2486\" width=\"300\" height=\"225\" srcset=\"https:\/\/festivalnazelenelouce.cz\/wp-content\/uploads\/2016\/04\/IMG_2486-300x225.jpg 300w, https:\/\/festivalnazelenelouce.cz\/wp-content\/uploads\/2016\/04\/IMG_2486-480x360.jpg 480w, https:\/\/festivalnazelenelouce.cz\/wp-content\/uploads\/2016\/04\/IMG_2486-768x576.jpg 768w, https:\/\/festivalnazelenelouce.cz\/wp-content\/uploads\/2016\/04\/IMG_2486-960x720.jpg 960w, https:\/\/festivalnazelenelouce.cz\/wp-content\/uploads\/2016\/04\/IMG_2486-320x240.jpg 320w, https:\/\/festivalnazelenelouce.cz\/wp-content\/uploads\/2016\/04\/IMG_2486-240x180.jpg 240w, https:\/\/festivalnazelenelouce.cz\/wp-content\/uploads\/2016\/04\/IMG_2486.jpg 1000w\" sizes=\"auto, (max-width: 300px) 100vw, 300px\" \/><\/a><\/p>\n<p><a href=\"http:\/\/festivalnazelenelouce.cz\/wp-content\/uploads\/2016\/04\/IMG_2490.jpg\"><img loading=\"lazy\" decoding=\"async\" class=\"alignnone size-medium wp-image-229\" src=\"http:\/\/festivalnazelenelouce.cz\/wp-content\/uploads\/2016\/04\/IMG_2490-300x225.jpg\" alt=\"IMG_2490\" width=\"300\" height=\"225\" srcset=\"https:\/\/festivalnazelenelouce.cz\/wp-content\/uploads\/2016\/04\/IMG_2490-300x225.jpg 300w, https:\/\/festivalnazelenelouce.cz\/wp-content\/uploads\/2016\/04\/IMG_2490-480x360.jpg 480w, https:\/\/festivalnazelenelouce.cz\/wp-content\/uploads\/2016\/04\/IMG_2490-768x576.jpg 768w, https:\/\/festivalnazelenelouce.cz\/wp-content\/uploads\/2016\/04\/IMG_2490-960x720.jpg 960w, https:\/\/festivalnazelenelouce.cz\/wp-content\/uploads\/2016\/04\/IMG_2490-320x240.jpg 320w, https:\/\/festivalnazelenelouce.cz\/wp-content\/uploads\/2016\/04\/IMG_2490-240x180.jpg 240w, https:\/\/festivalnazelenelouce.cz\/wp-content\/uploads\/2016\/04\/IMG_2490.jpg 1000w\" sizes=\"auto, (max-width: 300px) 100vw, 300px\" \/><\/a><\/p>\n<p><a href=\"http:\/\/festivalnazelenelouce.cz\/wp-content\/uploads\/2016\/04\/IMG_2493.jpg\"><img loading=\"lazy\" decoding=\"async\" class=\"alignnone size-medium wp-image-230\" src=\"http:\/\/festivalnazelenelouce.cz\/wp-content\/uploads\/2016\/04\/IMG_2493-300x225.jpg\" alt=\"IMG_2493\" width=\"300\" height=\"225\" srcset=\"https:\/\/festivalnazelenelouce.cz\/wp-content\/uploads\/2016\/04\/IMG_2493-300x225.jpg 300w, https:\/\/festivalnazelenelouce.cz\/wp-content\/uploads\/2016\/04\/IMG_2493-480x360.jpg 480w, https:\/\/festivalnazelenelouce.cz\/wp-content\/uploads\/2016\/04\/IMG_2493-768x576.jpg 768w, https:\/\/festivalnazelenelouce.cz\/wp-content\/uploads\/2016\/04\/IMG_2493-960x720.jpg 960w, https:\/\/festivalnazelenelouce.cz\/wp-content\/uploads\/2016\/04\/IMG_2493-320x240.jpg 320w, https:\/\/festivalnazelenelouce.cz\/wp-content\/uploads\/2016\/04\/IMG_2493-240x180.jpg 240w, https:\/\/festivalnazelenelouce.cz\/wp-content\/uploads\/2016\/04\/IMG_2493.jpg 1000w\" sizes=\"auto, (max-width: 300px) 100vw, 300px\" \/><\/a><\/p>\n<p>V\u00a0n\u011bkter\u00fdch dobr\u00fdch medi\u00edch se objevila zpr\u00e1va o tom, \u017ee bude ur\u010dit\u011b hezk\u00e9 v\u00a0po\u010das\u00ed na na\u0161em festivalu. Mus\u00edme napsat, \u017ee je to pravda. Ale nebylo to \u00fapln\u011b zadarmo. Museli jsem p\u0159ece jen n\u011bco ud\u011blat.<\/p>\n<p>A tak jsem si rozd\u011blili spravedliv\u011b \u00falohy. Pavel s\u00a0Pavlem si vzali na sebe to &#8222;nejv\u011bt\u0161\u00ed&#8220; b\u0159\u00edm\u011b. A to, \u017ee to cel\u00e9 vymysl\u00ed. A pak u\u017e tu druhou, d\u00e1 se \u0159\u00edci, \u017ee lehce pod\u0159adnou pr\u00e1ci:-) ud\u011blaj\u00ed holky, tedy P\u00e9\u0165a se St\u00e1\u0148ou. Posu\u010fte sami:<\/p>\n<ul>\n<li>zakoupit lampion \u0161t\u011bst\u00ed<\/li>\n<li>vz\u00edt si auto<\/li>\n<li>dojet na m\u00edsto kon\u00e1n\u00ed festivalu<\/li>\n<li>napsat kouzelnou formuli<\/li>\n<li>zap\u00e1lit pod &#8222;kotlem<\/li>\n<li>vypustit lampion \u0161t\u011bst\u00ed a dobr\u00e9ho po\u010das\u00ed se zvol\u00e1n\u00edm: P\u0158EJEME SI, P\u0158EJEME SI NA FESTIVAL HEZK\u00c9 PO\u010cAS\u00cd, PROS\u00cd\u00cd\u00cd\u00cd\u00cd\u00cd\u00cdM<\/li>\n<\/ul>\n<p>Jestli je to spr\u00e1vn\u00fd recept pro dobr\u00e9 po\u010das\u00ed? Uvid\u00edme. P\u0159ij\u010fte se p\u0159esv\u011bd\u010dit 4. 6. P\u0159\u00edpadn\u011b pou\u017eijte do doby kon\u00e1n\u00ed festivalu pro sv\u00e9 akce a napi\u0161te n\u00e1m, jestli je to spr\u00e1vn\u00e1 volba pro garanci po\u010das\u00ed dle p\u0159\u00e1n\u00ed.<\/p>\n<p>Na druhou stranu, kdyby se n\u00e1hodou stalo, \u017ee n\u011bjak\u00e1 ta kapka spadne p\u0159i na\u0161e, va\u0161em festivalu, tak letos budeme m\u00edt velkolep\u00e9 zast\u0159e\u0161en\u00ed pro v\u0161echny.<\/p>\n","protected":false},"excerpt":{"rendered":"<p>V\u00a0n\u011bkter\u00fdch dobr\u00fdch medi\u00edch se objevila zpr\u00e1va o tom, \u017ee bude ur\u010dit\u011b hezk\u00e9 v\u00a0po\u010das\u00ed na na\u0161em festivalu. Mus\u00edme napsat, \u017ee je to pravda. Ale nebylo to \u00fapln\u011b zadarmo. Museli jsem p\u0159ece jen n\u011bco ud\u011blat. A tak jsem si rozd\u011blili spravedliv\u011b \u00falohy. Pavel s\u00a0Pavlem si vzali na sebe to &#8222;nejv\u011bt\u0161\u00ed&#8220; b\u0159\u00edm\u011b. A to, \u017ee to cel\u00e9 vymysl\u00ed.<\/p>\n<p><a href=\"https:\/\/festivalnazelenelouce.cz\/?p=226\" class=\"more-link themebutton\">Pokra\u010dovat<\/a><\/p>\n","protected":false},"author":2,"featured_media":0,"comment_status":"closed","ping_status":"closed","sticky":false,"template":"","format":"standard","meta":{"footnotes":""},"categories":[2],"tags":[],"class_list":["post-226","post","type-post","status-publish","format-standard","hentry","category-festivalove-novinky"],"_links":{"self":[{"href":"https:\/\/festivalnazelenelouce.cz\/index.php?rest_route=\/wp\/v2\/posts\/226","targetHints":{"allow":["GET"]}}],"collection":[{"href":"https:\/\/festivalnazelenelouce.cz\/index.php?rest_route=\/wp\/v2\/posts"}],"about":[{"href":"https:\/\/festivalnazelenelouce.cz\/index.php?rest_route=\/wp\/v2\/types\/post"}],"author":[{"embeddable":true,"href":"https:\/\/festivalnazelenelouce.cz\/index.php?rest_route=\/wp\/v2\/users\/2"}],"replies":[{"embeddable":true,"href":"https:\/\/festivalnazelenelouce.cz\/index.php?rest_route=%2Fwp%2Fv2%2Fcomments&post=226"}],"version-history":[{"count":5,"href":"https:\/\/festivalnazelenelouce.cz\/index.php?rest_route=\/wp\/v2\/posts\/226\/revisions"}],"predecessor-version":[{"id":235,"href":"https:\/\/festivalnazelenelouce.cz\/index.php?rest_route=\/wp\/v2\/posts\/226\/revisions\/235"}],"wp:attachment":[{"href":"https:\/\/festivalnazelenelouce.cz\/index.php?rest_route=%2Fwp%2Fv2%2Fmedia&parent=226"}],"wp:term":[{"taxonomy":"category","embeddable":true,"href":"https:\/\/festivalnazelenelouce.cz\/index.php?rest_route=%2Fwp%2Fv2%2Fcategories&post=226"},{"taxonomy":"post_tag","embeddable":true,"href":"https:\/\/festivalnazelenelouce.cz\/index.php?rest_route=%2Fwp%2Fv2%2Ftags&post=226"}],"curies":[{"name":"wp","href":"https:\/\/api.w.org\/{rel}","templated":true}]}}