{"id":223,"date":"2016-03-05T06:05:58","date_gmt":"2016-03-05T04:05:58","guid":{"rendered":"http:\/\/festivalnazelenelouce.cz\/?p=223"},"modified":"2016-03-05T06:05:58","modified_gmt":"2016-03-05T04:05:58","slug":"iii-rocnik-je-v-plnem-proudu-priprav-aneb-v-roce-2016-zvedame-latky","status":"publish","type":"post","link":"https:\/\/festivalnazelenelouce.cz\/?p=223","title":{"rendered":"III. ro\u010dn\u00edk je v pln\u00e9m proudu p\u0159\u00edprav aneb v roce 2016 zved\u00e1me la\u0165ky"},"content":{"rendered":"<p>Velmi r\u00e1d sd\u011bluji n\u00e1sleduj\u00edc\u00ed. A to v\u0161em n\u00e1v\u0161t\u011bvn\u00edk\u016fm, host\u016fm a v\u0161em, kte\u0159\u00ed se na organizaci a podpo\u0159e dal\u0161\u00ed ro\u010dn\u00edku na\u0161eho spole\u010dn\u00e9ho festivalu pod\u00edlej\u00ed.<\/p>\n<p>Jestli jsme si p\u0159edchoz\u00ed ro\u010dn\u00edky d\u00e1vali z\u00e1le\u017eet na p\u0159\u00edprav\u011b program\u016f pro d\u011bti, program\u016f pro dosp\u011bl\u00e9, na v\u0161echny akce, kter\u00e9 se objev\u00ed na p\u00f3diu nebo vedle p\u00f3dia, tak si trouf\u00e1m tvrdit, \u017ee leto\u0161n\u00ed ro\u010dn\u00edk bude zase o stup\u00ednek bohat\u0161\u00ed po v\u0161ech str\u00e1nk\u00e1ch. Jednak ji\u017e nyn\u00ed je p\u0159ipraveno skute\u010dn\u011b velk\u00e9 mno\u017estv\u00ed pohybov\u00fdch, z\u00e1bavn\u00fdch a vzd\u011bl\u00e1vac\u00edch aktivit a jednak se m\u016f\u017eete t\u011b\u0161it ne skute\u010dn\u00fd p\u0159\u00edval bohat\u00e9ho programu.<\/p>\n<p>Rad\u011bji nejprve p\u0159ipom\u00edn\u00e1m, \u017ee term\u00edn leto\u0161n\u00edho benefi\u010dn\u00edho festivalu byl, je a st\u00e1le z\u016fstane term\u00ednov\u011b p\u0159edsunut z druh\u00e9 v\u00edkendu na prvn\u00ed v\u00edkend m\u011bs\u00edce \u010dervna. Tedy konkr\u00e9tn\u011b na 4. 6. 2016.<\/p>\n<p>N\u00e1\u0161 obl\u00edben\u00fd koment\u00e1\u0159: t\u011b\u0161te se jako my:-)<\/p>\n","protected":false},"excerpt":{"rendered":"<p>Velmi r\u00e1d sd\u011bluji n\u00e1sleduj\u00edc\u00ed. A to v\u0161em n\u00e1v\u0161t\u011bvn\u00edk\u016fm, host\u016fm a v\u0161em, kte\u0159\u00ed se na organizaci a podpo\u0159e dal\u0161\u00ed ro\u010dn\u00edku na\u0161eho spole\u010dn\u00e9ho festivalu pod\u00edlej\u00ed. Jestli jsme si p\u0159edchoz\u00ed ro\u010dn\u00edky d\u00e1vali z\u00e1le\u017eet na p\u0159\u00edprav\u011b program\u016f pro d\u011bti, program\u016f pro dosp\u011bl\u00e9, na v\u0161echny akce, kter\u00e9 se objev\u00ed na p\u00f3diu nebo vedle p\u00f3dia, tak si trouf\u00e1m tvrdit, \u017ee leto\u0161n\u00ed<\/p>\n<p><a href=\"https:\/\/festivalnazelenelouce.cz\/?p=223\" class=\"more-link themebutton\">Pokra\u010dovat<\/a><\/p>\n","protected":false},"author":2,"featured_media":0,"comment_status":"closed","ping_status":"closed","sticky":false,"template":"","format":"standard","meta":{"footnotes":""},"categories":[2],"tags":[],"class_list":["post-223","post","type-post","status-publish","format-standard","hentry","category-festivalove-novinky"],"_links":{"self":[{"href":"https:\/\/festivalnazelenelouce.cz\/index.php?rest_route=\/wp\/v2\/posts\/223","targetHints":{"allow":["GET"]}}],"collection":[{"href":"https:\/\/festivalnazelenelouce.cz\/index.php?rest_route=\/wp\/v2\/posts"}],"about":[{"href":"https:\/\/festivalnazelenelouce.cz\/index.php?rest_route=\/wp\/v2\/types\/post"}],"author":[{"embeddable":true,"href":"https:\/\/festivalnazelenelouce.cz\/index.php?rest_route=\/wp\/v2\/users\/2"}],"replies":[{"embeddable":true,"href":"https:\/\/festivalnazelenelouce.cz\/index.php?rest_route=%2Fwp%2Fv2%2Fcomments&post=223"}],"version-history":[{"count":1,"href":"https:\/\/festivalnazelenelouce.cz\/index.php?rest_route=\/wp\/v2\/posts\/223\/revisions"}],"predecessor-version":[{"id":224,"href":"https:\/\/festivalnazelenelouce.cz\/index.php?rest_route=\/wp\/v2\/posts\/223\/revisions\/224"}],"wp:attachment":[{"href":"https:\/\/festivalnazelenelouce.cz\/index.php?rest_route=%2Fwp%2Fv2%2Fmedia&parent=223"}],"wp:term":[{"taxonomy":"category","embeddable":true,"href":"https:\/\/festivalnazelenelouce.cz\/index.php?rest_route=%2Fwp%2Fv2%2Fcategories&post=223"},{"taxonomy":"post_tag","embeddable":true,"href":"https:\/\/festivalnazelenelouce.cz\/index.php?rest_route=%2Fwp%2Fv2%2Ftags&post=223"}],"curies":[{"name":"wp","href":"https:\/\/api.w.org\/{rel}","templated":true}]}}