{"id":1784,"date":"2019-05-10T07:44:19","date_gmt":"2019-05-10T05:44:19","guid":{"rendered":"http:\/\/festivalnazelenelouce.cz\/?p=1784"},"modified":"2019-05-15T14:58:30","modified_gmt":"2019-05-15T12:58:30","slug":"plakat-na-6-rocnik-festivalu","status":"publish","type":"post","link":"https:\/\/festivalnazelenelouce.cz\/?p=1784","title":{"rendered":"Plak\u00e1t na 6. ro\u010dn\u00edk festivalu"},"content":{"rendered":"<p>Dobr\u00fd den a a ahoj v\u0161em, zde se m\u016f\u017eete pod\u00edvat plak\u00e1t leto\u0161n\u00edho festivalu. To, \u017ee za\u017eijete prima n\u00e1ladu a u\u017eijete si prima den se na plak\u00e1t d\u00e1t ned\u00e1. To se mus\u00ed pro\u017e\u00edt jedin\u011b t\u00edm, \u017ee dojedete, vezmete sv\u00e9 nejbli\u017e\u0161\u00ed a zn\u00e1m\u00e9. T\u011b\u0161\u00edme se na v\u00e1s.<\/p>\n<p><img loading=\"lazy\" decoding=\"async\" class=\"aligncenter size-full wp-image-1793\" src=\"http:\/\/festivalnazelenelouce.cz\/wp-content\/uploads\/2019\/05\/program-2019.jpg\" alt=\"\" width=\"849\" height=\"1200\" srcset=\"https:\/\/festivalnazelenelouce.cz\/wp-content\/uploads\/2019\/05\/program-2019.jpg 849w, https:\/\/festivalnazelenelouce.cz\/wp-content\/uploads\/2019\/05\/program-2019-300x424.jpg 300w, https:\/\/festivalnazelenelouce.cz\/wp-content\/uploads\/2019\/05\/program-2019-480x678.jpg 480w, https:\/\/festivalnazelenelouce.cz\/wp-content\/uploads\/2019\/05\/program-2019-768x1086.jpg 768w, https:\/\/festivalnazelenelouce.cz\/wp-content\/uploads\/2019\/05\/program-2019-724x1024.jpg 724w\" sizes=\"auto, (max-width: 849px) 100vw, 849px\" \/><\/p>\n<p>&nbsp;<\/p>\n<p><a href=\"http:\/\/festivalnazelenelouce.cz\/wp-content\/uploads\/2019\/05\/FNZL_2019_plak\u00e1t_n\u00e1hled.pdf\">Plak\u00e1t ke sta\u017een\u00ed zde.<\/a><\/p>\n<p>&nbsp;<\/p>\n","protected":false},"excerpt":{"rendered":"<p>Dobr\u00fd den a a ahoj v\u0161em, zde se m\u016f\u017eete pod\u00edvat plak\u00e1t leto\u0161n\u00edho festivalu. To, \u017ee za\u017eijete prima n\u00e1ladu a u\u017eijete si prima den se na plak\u00e1t d\u00e1t ned\u00e1. To se mus\u00ed pro\u017e\u00edt jedin\u011b t\u00edm, \u017ee dojedete, vezmete sv\u00e9 nejbli\u017e\u0161\u00ed a zn\u00e1m\u00e9. T\u011b\u0161\u00edme se na v\u00e1s. &nbsp; Plak\u00e1t ke sta\u017een\u00ed zde. &nbsp;<\/p>\n","protected":false},"author":2,"featured_media":0,"comment_status":"closed","ping_status":"closed","sticky":false,"template":"","format":"standard","meta":{"footnotes":""},"categories":[2],"tags":[],"class_list":["post-1784","post","type-post","status-publish","format-standard","hentry","category-festivalove-novinky"],"_links":{"self":[{"href":"https:\/\/festivalnazelenelouce.cz\/index.php?rest_route=\/wp\/v2\/posts\/1784","targetHints":{"allow":["GET"]}}],"collection":[{"href":"https:\/\/festivalnazelenelouce.cz\/index.php?rest_route=\/wp\/v2\/posts"}],"about":[{"href":"https:\/\/festivalnazelenelouce.cz\/index.php?rest_route=\/wp\/v2\/types\/post"}],"author":[{"embeddable":true,"href":"https:\/\/festivalnazelenelouce.cz\/index.php?rest_route=\/wp\/v2\/users\/2"}],"replies":[{"embeddable":true,"href":"https:\/\/festivalnazelenelouce.cz\/index.php?rest_route=%2Fwp%2Fv2%2Fcomments&post=1784"}],"version-history":[{"count":5,"href":"https:\/\/festivalnazelenelouce.cz\/index.php?rest_route=\/wp\/v2\/posts\/1784\/revisions"}],"predecessor-version":[{"id":1797,"href":"https:\/\/festivalnazelenelouce.cz\/index.php?rest_route=\/wp\/v2\/posts\/1784\/revisions\/1797"}],"wp:attachment":[{"href":"https:\/\/festivalnazelenelouce.cz\/index.php?rest_route=%2Fwp%2Fv2%2Fmedia&parent=1784"}],"wp:term":[{"taxonomy":"category","embeddable":true,"href":"https:\/\/festivalnazelenelouce.cz\/index.php?rest_route=%2Fwp%2Fv2%2Fcategories&post=1784"},{"taxonomy":"post_tag","embeddable":true,"href":"https:\/\/festivalnazelenelouce.cz\/index.php?rest_route=%2Fwp%2Fv2%2Ftags&post=1784"}],"curies":[{"name":"wp","href":"https:\/\/api.w.org\/{rel}","templated":true}]}}