{"id":135,"date":"2015-06-09T10:58:31","date_gmt":"2015-06-09T08:58:31","guid":{"rendered":"http:\/\/festivalnazelenelouce.cz\/?p=135"},"modified":"2015-06-09T10:58:31","modified_gmt":"2015-06-09T08:58:31","slug":"pozor-hvezdnym-hostem-festivalu-bude-miluska-bittnerova","status":"publish","type":"post","link":"https:\/\/festivalnazelenelouce.cz\/?p=135","title":{"rendered":"POZOR &#8211; hv\u011bzdn\u00fdm hostem festivalu bude Milu\u0161ka Bittnerov\u00e1"},"content":{"rendered":"<p>Milu\u0161ka Bittnerov\u00e1 podpo\u0159\u00ed nejen svou \u00fa\u010dast\u00ed n\u00e1\u0161 festival, ale dokonce se m\u016f\u017eeme t\u011b\u0161it na spln\u011bn\u00ed nelehk\u00e9ho \u00fakolu, kter\u00fd jsme si pro ni u n\u00e1s p\u0159ipravili. \u00dakol bude pro p\u0159edstavu asi takov\u00fd, jako kdy\u017e zad\u00e1te hodin\u00e1\u0159i postavit d\u016fm nebo mrakodrap. Co bude ono zad\u00e1n\u00ed a jak se povede splnit? Tak to bude k vid\u011bn\u00ed a u\u017eit\u00ed jen na na\u0161em festivalu.<\/p>\n<p>Je n\u00e1m velkou ct\u00ed, \u017ee si Milu\u0161ka Bittnerov\u00e1 na\u0161la ve sv\u00e9m p\u0159epln\u011bn\u00e9m di\u00e1\u0159i \u010das pr\u00e1v\u011b n\u00e1\u0161 Festival na zelen\u00e9 louce. Za cel\u00fd organiza\u010dn\u00ed t\u00fdm t\u00edmto zas\u00edl\u00e1m velk\u00e9 d\u00edky skv\u011bl\u00e9mu \u010dlov\u011bku, excelentn\u00ed here\u010dce, moder\u00e1torce, v neposledn\u00ed \u0159ad\u011b precizn\u00ed hudebn\u011b zalo\u017een\u00e9 a kr\u00e1sn\u00e9 \u017een\u011b.<\/p>\n<p>Upozor\u0148uji, \u017ee na festivalu nelze rezervovat prvn\u00edch 10 \u0159ad:-)<\/p>\n","protected":false},"excerpt":{"rendered":"<p>Milu\u0161ka Bittnerov\u00e1 podpo\u0159\u00ed nejen svou \u00fa\u010dast\u00ed n\u00e1\u0161 festival, ale dokonce se m\u016f\u017eeme t\u011b\u0161it na spln\u011bn\u00ed nelehk\u00e9ho \u00fakolu, kter\u00fd jsme si pro ni u n\u00e1s p\u0159ipravili. \u00dakol bude pro p\u0159edstavu asi takov\u00fd, jako kdy\u017e zad\u00e1te hodin\u00e1\u0159i postavit d\u016fm nebo mrakodrap. Co bude ono zad\u00e1n\u00ed a jak se povede splnit? Tak to bude k vid\u011bn\u00ed a u\u017eit\u00ed<\/p>\n<p><a href=\"https:\/\/festivalnazelenelouce.cz\/?p=135\" class=\"more-link themebutton\">Pokra\u010dovat<\/a><\/p>\n","protected":false},"author":2,"featured_media":0,"comment_status":"closed","ping_status":"closed","sticky":false,"template":"","format":"standard","meta":{"footnotes":""},"categories":[2],"tags":[],"class_list":["post-135","post","type-post","status-publish","format-standard","hentry","category-festivalove-novinky"],"_links":{"self":[{"href":"https:\/\/festivalnazelenelouce.cz\/index.php?rest_route=\/wp\/v2\/posts\/135","targetHints":{"allow":["GET"]}}],"collection":[{"href":"https:\/\/festivalnazelenelouce.cz\/index.php?rest_route=\/wp\/v2\/posts"}],"about":[{"href":"https:\/\/festivalnazelenelouce.cz\/index.php?rest_route=\/wp\/v2\/types\/post"}],"author":[{"embeddable":true,"href":"https:\/\/festivalnazelenelouce.cz\/index.php?rest_route=\/wp\/v2\/users\/2"}],"replies":[{"embeddable":true,"href":"https:\/\/festivalnazelenelouce.cz\/index.php?rest_route=%2Fwp%2Fv2%2Fcomments&post=135"}],"version-history":[{"count":1,"href":"https:\/\/festivalnazelenelouce.cz\/index.php?rest_route=\/wp\/v2\/posts\/135\/revisions"}],"predecessor-version":[{"id":136,"href":"https:\/\/festivalnazelenelouce.cz\/index.php?rest_route=\/wp\/v2\/posts\/135\/revisions\/136"}],"wp:attachment":[{"href":"https:\/\/festivalnazelenelouce.cz\/index.php?rest_route=%2Fwp%2Fv2%2Fmedia&parent=135"}],"wp:term":[{"taxonomy":"category","embeddable":true,"href":"https:\/\/festivalnazelenelouce.cz\/index.php?rest_route=%2Fwp%2Fv2%2Fcategories&post=135"},{"taxonomy":"post_tag","embeddable":true,"href":"https:\/\/festivalnazelenelouce.cz\/index.php?rest_route=%2Fwp%2Fv2%2Ftags&post=135"}],"curies":[{"name":"wp","href":"https:\/\/api.w.org\/{rel}","templated":true}]}}