{"id":131,"date":"2015-05-27T13:50:52","date_gmt":"2015-05-27T11:50:52","guid":{"rendered":"http:\/\/festivalnazelenelouce.cz\/?p=131"},"modified":"2015-05-27T13:50:52","modified_gmt":"2015-05-27T11:50:52","slug":"galerie-na-dratku","status":"publish","type":"post","link":"https:\/\/festivalnazelenelouce.cz\/?p=131","title":{"rendered":"Galerie na dr\u00e1tku"},"content":{"rendered":"<p>Jak u\u017e n\u00e1zev napov\u00edd\u00e1, origin\u00e1ln\u00ed a unik\u00e1tn\u00ed galerie bude pln\u00e1 dr\u00e1tk\u016f a dr\u00e1t\u016f, ale tak\u00e9 najdete kor\u00e1lky, ov\u010d\u00ed vlnu, keramickou hl\u00ednu a d\u0159evo.<\/p>\n<p>Galerie bude na festivalu\u00a0proto, aby v\u00e1m p\u0159ibl\u00ed\u017eila zapomenut\u00e9 \u0159emeslo na\u0161ich p\u0159edk\u016f \u2013 dr\u00e1tov\u00e1n\u00ed nebo dr\u00e1tenictv\u00ed.<\/p>\n<p>P\u016fjde tedy\u00a0o jednodenn\u00ed expozici p\u0159ipravenou jen pro n\u00e1\u0161 festival, expozici p\u0159edm\u011bt\u016f vyroben\u00fdch z\u00a0\u010dern\u00e9ho \u017e\u00edhan\u00e9ho dr\u00e1tu, p\u0159edm\u011bt\u016f dekorativn\u00edch i u\u017eitn\u00fdch v\u00a0dom\u00e1cnosti.\u00a0 V\u0161echny v\u00fdrobky k\u00a0vid\u011bn\u00ed jsou ru\u010dn\u011b vyroben\u00e9 a vhodn\u00e9 zejm\u00e9na do interi\u00e9r\u016f dom\u00e1cnosti a chalup.<\/p>\n<p>Dr\u00e1tenice Jana Gilchrist nen\u00ed profesion\u00e1lkou, je samouk a \u0159emeslo je pro ni hlavn\u011b kon\u00ed\u010dkem, m\u00e1 dobr\u00fd pocit, kdy\u017e jej\u00ed d\u00edlko ud\u011bl\u00e1 radost \u010di u\u017eitek jinde a proto nab\u00edz\u00ed sv\u00e9 v\u00fdrobky na prodejn\u00edch serverech a na jarmarc\u00edch a p\u0159\u00edle\u017eitostn\u011b i na v\u00fdstav\u00e1ch. Inspiraci \u010derp\u00e1 v\u0161ude kolem sebe a tvo\u0159\u00ed tak\u00e9 do tematick\u00fdch sout\u011b\u017e\u00ed \u2013 i zde jsou n\u011bkter\u00e1 sout\u011b\u017en\u00ed d\u00edlka vystaven\u00e1. R\u00e1da kombinuje dr\u00e1t s\u00a0dal\u0161\u00edmi materi\u00e1ly jako je sklo, d\u0159evo, hl\u00edna nebo vlna.<\/p>\n<p>A za cel\u00fd organiza\u010dn\u00ed t\u00fdm moc d\u011bkujeme t\u011b\u0161\u00edme se u\u017e nyn\u00ed na Galerii.<\/p>\n","protected":false},"excerpt":{"rendered":"<p>Jak u\u017e n\u00e1zev napov\u00edd\u00e1, origin\u00e1ln\u00ed a unik\u00e1tn\u00ed galerie bude pln\u00e1 dr\u00e1tk\u016f a dr\u00e1t\u016f, ale tak\u00e9 najdete kor\u00e1lky, ov\u010d\u00ed vlnu, keramickou hl\u00ednu a d\u0159evo. Galerie bude na festivalu\u00a0proto, aby v\u00e1m p\u0159ibl\u00ed\u017eila zapomenut\u00e9 \u0159emeslo na\u0161ich p\u0159edk\u016f \u2013 dr\u00e1tov\u00e1n\u00ed nebo dr\u00e1tenictv\u00ed. P\u016fjde tedy\u00a0o jednodenn\u00ed expozici p\u0159ipravenou jen pro n\u00e1\u0161 festival, expozici p\u0159edm\u011bt\u016f vyroben\u00fdch z\u00a0\u010dern\u00e9ho \u017e\u00edhan\u00e9ho dr\u00e1tu, p\u0159edm\u011bt\u016f dekorativn\u00edch<\/p>\n<p><a href=\"https:\/\/festivalnazelenelouce.cz\/?p=131\" class=\"more-link themebutton\">Pokra\u010dovat<\/a><\/p>\n","protected":false},"author":2,"featured_media":0,"comment_status":"closed","ping_status":"closed","sticky":false,"template":"","format":"standard","meta":{"footnotes":""},"categories":[2],"tags":[],"class_list":["post-131","post","type-post","status-publish","format-standard","hentry","category-festivalove-novinky"],"_links":{"self":[{"href":"https:\/\/festivalnazelenelouce.cz\/index.php?rest_route=\/wp\/v2\/posts\/131","targetHints":{"allow":["GET"]}}],"collection":[{"href":"https:\/\/festivalnazelenelouce.cz\/index.php?rest_route=\/wp\/v2\/posts"}],"about":[{"href":"https:\/\/festivalnazelenelouce.cz\/index.php?rest_route=\/wp\/v2\/types\/post"}],"author":[{"embeddable":true,"href":"https:\/\/festivalnazelenelouce.cz\/index.php?rest_route=\/wp\/v2\/users\/2"}],"replies":[{"embeddable":true,"href":"https:\/\/festivalnazelenelouce.cz\/index.php?rest_route=%2Fwp%2Fv2%2Fcomments&post=131"}],"version-history":[{"count":1,"href":"https:\/\/festivalnazelenelouce.cz\/index.php?rest_route=\/wp\/v2\/posts\/131\/revisions"}],"predecessor-version":[{"id":132,"href":"https:\/\/festivalnazelenelouce.cz\/index.php?rest_route=\/wp\/v2\/posts\/131\/revisions\/132"}],"wp:attachment":[{"href":"https:\/\/festivalnazelenelouce.cz\/index.php?rest_route=%2Fwp%2Fv2%2Fmedia&parent=131"}],"wp:term":[{"taxonomy":"category","embeddable":true,"href":"https:\/\/festivalnazelenelouce.cz\/index.php?rest_route=%2Fwp%2Fv2%2Fcategories&post=131"},{"taxonomy":"post_tag","embeddable":true,"href":"https:\/\/festivalnazelenelouce.cz\/index.php?rest_route=%2Fwp%2Fv2%2Ftags&post=131"}],"curies":[{"name":"wp","href":"https:\/\/api.w.org\/{rel}","templated":true}]}}